{"id":94758,"date":"2024-01-16T13:45:52","date_gmt":"2024-01-16T12:45:52","guid":{"rendered":"https:\/\/www.bilbaodendak.eus\/?post_type=noticias&#038;p=94758"},"modified":"2024-01-16T13:51:39","modified_gmt":"2024-01-16T12:51:39","slug":"el-mercado-nutricionista-gratuito","status":"publish","type":"noticias","link":"https:\/\/www.bilbaodendak.eus\/fr\/nouvelles\/el-mercado-nutricionista-gratuito\/","title":{"rendered":"Servicio gratuito de nutricionista en el Mercado de La Ribera\u00a0"},"content":{"rendered":"\n<p class=\"has-medium-font-size\"><strong>Todos los martes, de 10:00 a 13:00 h., el Mercado de La Ribera ofrecer\u00e1 un servicio gratuito de educaci\u00f3n nutricional <\/strong><\/p>\n\n\n\n<p><strong>Fomentar la alimentaci\u00f3n saludable y poner en valor los productos de temporada y de km 0 son objetivos de esta iniciativa<\/strong><\/p>\n\n\n\n<p><strong>El <a href=\"https:\/\/mercadodelaribera.biz\" rel=\"nofollow noopener\" target=\"_blank\">Mercado de La Ribera<\/a> es miembro de bilbaoDendak, plataforma para la promoci\u00f3n de la actividad comercial y tur\u00edstica de Bilbao y que promueve el consumo responsable y la sostenibilidad<\/strong><\/p>\n\n\n\n<p>La Asociaci\u00f3n de Comerciantes del Mercado de La Ribera pone a disposici\u00f3n de su clientela un servicio gratuito de nutricionista para fomentar el acercamiento a una alimentaci\u00f3n saludable. Este novedoso servicio estar\u00e1 disponible desde ma\u00f1ana, 16 de enero, todos los martes, de 10:00 a 13:00 horas, y ser\u00e1 impartido por la titulada en Nutrici\u00f3n humana y diet\u00e9tica Andrea Campa Acha. El objetivo es mejorar la educaci\u00f3n nutricional y promover h\u00e1bitos saludables, adem\u00e1s de resolver preguntas y dudas generales sobre alimentaci\u00f3n. Asimismo, ofrecer\u00e1 un asesoramiento general sobre la compra en el mercado y dar\u00e1 a conocer los beneficios nutricionales de los productos de temporada y de proximidad para lograr una vida m\u00e1s saludable.<\/p>\n\n\n\n<p>Las personas interesadas podr\u00e1n acercarse al despacho de la nutricionista, sito en la planta primera del mercado, y hacer sus consultas, quien las resolver\u00e1 al momento.<\/p>\n\n\n\n<figure class=\"wp-block-image aligncenter size-large\"><img fetchpriority=\"high\" decoding=\"async\" width=\"1024\" height=\"683\" src=\"https:\/\/www.bilbaodendak.eus\/wp-content\/uploads\/2024\/01\/3C8A6088_ok-1024x683.jpg\" alt=\"Nutricionista en El Mercado de La Ribera\" class=\"wp-image-94759\" srcset=\"https:\/\/www.bilbaodendak.eus\/wp-content\/uploads\/2024\/01\/3C8A6088_ok-1024x683.jpg 1024w, https:\/\/www.bilbaodendak.eus\/wp-content\/uploads\/2024\/01\/3C8A6088_ok-300x200.jpg 300w, https:\/\/www.bilbaodendak.eus\/wp-content\/uploads\/2024\/01\/3C8A6088_ok-768x512.jpg 768w, https:\/\/www.bilbaodendak.eus\/wp-content\/uploads\/2024\/01\/3C8A6088_ok-1536x1024.jpg 1536w, https:\/\/www.bilbaodendak.eus\/wp-content\/uploads\/2024\/01\/3C8A6088_ok-2048x1365.jpg 2048w\" sizes=\"(max-width: 1024px) 100vw, 1024px\" \/><\/figure>\n\n\n\n<p>El Mercado de La Ribera se caracteriza por la calidad y variedad de su g\u00e9nero, fresco, local y de temporada, a un precio muy competitivo; y por supuesto por el trato cercano y experto de sus comerciantes.&nbsp;Sin duda, uno de los aspectos diferenciales del Mercado de La Ribera es el alto conocimiento del producto por parte de sus comerciantes al que ahora se suma la perspectiva cient\u00edfica, con la instauraci\u00f3n de este servicio de nutrici\u00f3n.&nbsp;<\/p>\n\n\n\n<h3 class=\"wp-block-heading has-medium-font-size\"><strong><mark style=\"background-color:rgba(0, 0, 0, 0)\" class=\"has-inline-color has-vivid-red-color\">LA CESTA DE LOS MI\u00c9RCOLES<\/mark><\/strong><\/h3>\n\n\n\n<p>Esta iniciativa viene a complementar otras que ya se est\u00e1n desarrollando con gran \u00e9xito como \u2018La cesta de los mi\u00e9rcoles\u2019, m\u00e1s de 30 productos frescos de primera necesidad a precios especiales. Cada puesto ofrece un alimento en promoci\u00f3n, siempre un b\u00e1sico como pan, carne, pescado, pollo, huevos, l\u00e1cteos, frutas, verduras\u2026 con el objeto de que su clientela pueda hacerse con una cesta de compra al mejor precio. Esta propuesta naci\u00f3 la primavera pasada para ayudar a las familias bilba\u00ednas a hacer frente el momento de crisis motivado por la inflaci\u00f3n y el alza del IPC. Junto al nuevo servicio de nutrici\u00f3n forman parte de las medidas impulsadas por Asier Beato, presidente de la Asociaci\u00f3n de Comerciantes del Mercado de La Ribera y de la&nbsp;Confederaci\u00f3n de Mercados Tradicionales de Abastos de Espa\u00f1a desde hace enero de 2023. Ambas iniciativas buscan&nbsp;promocionar el mercado tradicional y atraer m\u00e1s clientela, al igual que su servicio de entrega a domicilio y venta online.<\/p>\n\n\n\n<p>La Asociaci\u00f3n de Comerciantes del Mercado de La Ribera cuenta con el apoyo de la Confederaci\u00f3n de Mercados Tradicionales de Espa\u00f1a (<a href=\"https:\/\/metrae.es\" rel=\"nofollow noopener\" target=\"_blank\">METRAE<\/a>) y la Federaci\u00f3n Nacional de Pescader\u00edas (FEDEPESCA).&nbsp;Desde 1929, esta plaza de abastos es centro neur\u00e1lgico de la gastronom\u00eda local proporcionando a las familias y profesionales de la restauraci\u00f3n lo mejor del mar y de nuestros caser\u00edos.<\/p>\n\n\n\n<p>El Mercado de La Ribera es<a href=\"https:\/\/www.bilbaodendak.eus\/estructura-organizativa\/\"> miembro de bilbaoDendak<\/a>, plataforma para la promoci\u00f3n de la actividad comercial y tur\u00edstica de Bilbao.&nbsp;bilbaoDendak promueve&nbsp;el crecimiento econ\u00f3mico inclusivo y sostenible con el empleo decente para todas las personas&nbsp;(ODS 8) y fomentan que las ciudades y comunidades sean&nbsp;m\u00e1s inclusivas, seguras, resilientes y sostenibles&nbsp;(ODS 11).<\/p>\n","protected":false},"excerpt":{"rendered":"<p>Todos los martes, de 10:00 a 13:00 h., el Mercado de La Ribera ofrecer\u00e1 un servicio gratuito de educaci\u00f3n nutricional <\/p>\n","protected":false},"featured_media":94759,"template":"","categoria-noticia":[458,459],"class_list":["post-94758","noticias","type-noticias","status-publish","has-post-thumbnail","hentry","categoria-noticia-ahora-en-bilbao","categoria-noticia-soy-un-comercio"],"_links":{"self":[{"href":"https:\/\/www.bilbaodendak.eus\/fr\/wp-json\/wp\/v2\/noticias\/94758","targetHints":{"allow":["GET"]}}],"collection":[{"href":"https:\/\/www.bilbaodendak.eus\/fr\/wp-json\/wp\/v2\/noticias"}],"about":[{"href":"https:\/\/www.bilbaodendak.eus\/fr\/wp-json\/wp\/v2\/types\/noticias"}],"wp:featuredmedia":[{"embeddable":true,"href":"https:\/\/www.bilbaodendak.eus\/fr\/wp-json\/wp\/v2\/media\/94759"}],"wp:attachment":[{"href":"https:\/\/www.bilbaodendak.eus\/fr\/wp-json\/wp\/v2\/media?parent=94758"}],"wp:term":[{"taxonomy":"categoria-noticia","embeddable":true,"href":"https:\/\/www.bilbaodendak.eus\/fr\/wp-json\/wp\/v2\/categoria-noticia?post=94758"}],"curies":[{"name":"wp","href":"https:\/\/api.w.org\/{rel}","templated":true}]}}