{"id":80549,"date":"2025-09-08T09:42:22","date_gmt":"2025-09-08T07:42:22","guid":{"rendered":"https:\/\/www.bilbaodendak.eus\/?post_type=noticias&#038;p=80549"},"modified":"2025-09-08T09:42:24","modified_gmt":"2025-09-08T07:42:24","slug":"cursos-de-euskera-biribilko","status":"publish","type":"noticias","link":"https:\/\/www.bilbaodendak.eus\/fr\/nouvelles\/cursos-de-euskera-biribilko\/","title":{"rendered":"Cursos de euskera Biribilko 2025-2026"},"content":{"rendered":"\n<p>El pr\u00f3ximo mes de octubre dar\u00e1n comienzo los\u00a0<strong>cursos de euskera Biribilko 2025-2026<\/strong>, promovidos por el\u00a0<strong>Ayuntamiento de Bilbao<\/strong>, y en los que colabora\u00a0<strong>bilbaoDendak<\/strong>. <\/p>\n\n\n\n<p>Estos cursos est\u00e1n espec\u00edficamente dirigidos al sector comercial y hostelero de la villa.\u00a0La \u00fanica condici\u00f3n para poder matricularse en estos cursos\u00a0<strong>es estar trabajando de cara al p\u00fablico en un local comercial u hostelero de Bilbao.<\/strong><\/p>\n\n\n\n<p><strong>A las personas que acrediten una asistencia a las clases de, al menos, el 75% (68 horas) y que adem\u00e1s acudan a las mismas hasta el mes de mayo, se les devolver\u00e1 el importe da la matr\u00edcula a la finalizaci\u00f3n del curso. Adem\u00e1s, estas personas no tendr\u00e1n que abonar el importe de la matr\u00edcula correspondiente al siguiente curso 2026-2027, dado que ser\u00e1 asumido por el Ayuntamiento de Bilbao.<\/strong><\/p>\n\n\n\n<p>El&nbsp;<strong>plazo de matriculaci\u00f3n&nbsp;<\/strong>estar\u00e1 abierto&nbsp;<strong>del 8 septiembre al 10 de octubre<\/strong>&nbsp;<strong>de 2025<\/strong>. Puedes obtener m\u00e1s informaci\u00f3n haciendo click en el siguiente enlace: &nbsp;&nbsp;<a href=\"https:\/\/biribilko.eus\/es\/servicios\/cursos\/\" rel=\"nofollow noopener\" target=\"_blank\">https:\/\/biribilko.eus\/es\/servicios\/cursos\/<\/a><\/p>\n\n\n\n<p><\/p>\n","protected":false},"excerpt":{"rendered":"<p>Abierto el plazo de inscripci\u00f3n para los cursos de Euskera Biribilko 2025-2026. Hasta el 10 de octubre<\/p>\n","protected":false},"featured_media":69083,"template":"","categoria-noticia":[1234,1235],"class_list":["post-80549","noticias","type-noticias","status-publish","has-post-thumbnail","hentry","categoria-noticia-je-suis-commercant","categoria-noticia-maintenant-a-bilbao"],"_links":{"self":[{"href":"https:\/\/www.bilbaodendak.eus\/fr\/wp-json\/wp\/v2\/noticias\/80549","targetHints":{"allow":["GET"]}}],"collection":[{"href":"https:\/\/www.bilbaodendak.eus\/fr\/wp-json\/wp\/v2\/noticias"}],"about":[{"href":"https:\/\/www.bilbaodendak.eus\/fr\/wp-json\/wp\/v2\/types\/noticias"}],"wp:featuredmedia":[{"embeddable":true,"href":"https:\/\/www.bilbaodendak.eus\/fr\/wp-json\/wp\/v2\/media\/69083"}],"wp:attachment":[{"href":"https:\/\/www.bilbaodendak.eus\/fr\/wp-json\/wp\/v2\/media?parent=80549"}],"wp:term":[{"taxonomy":"categoria-noticia","embeddable":true,"href":"https:\/\/www.bilbaodendak.eus\/fr\/wp-json\/wp\/v2\/categoria-noticia?post=80549"}],"curies":[{"name":"wp","href":"https:\/\/api.w.org\/{rel}","templated":true}]}}