{"id":46203,"date":"2024-03-07T09:43:18","date_gmt":"2024-03-07T08:43:18","guid":{"rendered":"https:\/\/www.bilbaodendak.eus\/?post_type=noticias&#038;p=46203"},"modified":"2024-03-07T12:05:50","modified_gmt":"2024-03-07T11:05:50","slug":"emakume-dendariak","status":"publish","type":"noticias","link":"https:\/\/www.bilbaodendak.eus\/eu\/berriak\/emakume-dendariak\/","title":{"rendered":"Bilbon, merkataritzak femeninoan ekiten du"},"content":{"rendered":"\n<h3 class=\"wp-block-heading has-medium-font-size\"><strong>bilbao<\/strong>Dendak-ek omenaldia egiten die gure hiriko merkataritza-sarea osatzen duten emakume guztiei, sektorearen arima eta motorra baitira<\/h3>\n\n\n\n<p>Desberdinak dirudite, azken batean, bizipen bakoitza hala da, baina testigaintza hauek guztiek negozio baten buru izateak dakarren ausardiaz, eta lana eta familia uztartu behar dituzunean gehitu beharreko esfortzu plusaz hitz egiten dute.<\/p>\n\n\n\n<p><\/p>\n\n\n\n<div class=\"wp-block-media-text alignwide is-stacked-on-mobile\"><figure class=\"wp-block-media-text__media\"><img fetchpriority=\"high\" decoding=\"async\" width=\"1024\" height=\"1024\" src=\"https:\/\/www.bilbaodendak.eus\/wp-content\/uploads\/2023\/03\/3-min-1024x1024.png\" alt=\"8M 2024 - D\u00eda de la mujer - AJ Complementos\" class=\"wp-image-97345 size-full\" srcset=\"https:\/\/www.bilbaodendak.eus\/wp-content\/uploads\/2023\/03\/3-min-1024x1024.png 1024w, https:\/\/www.bilbaodendak.eus\/wp-content\/uploads\/2023\/03\/3-min-300x300.png 300w, https:\/\/www.bilbaodendak.eus\/wp-content\/uploads\/2023\/03\/3-min-150x150.png 150w, https:\/\/www.bilbaodendak.eus\/wp-content\/uploads\/2023\/03\/3-min-768x768.png 768w, https:\/\/www.bilbaodendak.eus\/wp-content\/uploads\/2023\/03\/3-min.png 1080w\" sizes=\"(max-width: 1024px) 100vw, 1024px\" \/><\/figure><div class=\"wp-block-media-text__content\">\n<p><strong><mark style=\"background-color:rgba(0, 0, 0, 0)\" class=\"has-inline-color has-vivid-red-color\">Carla &#8211; AJ Complementos<\/mark><\/strong><\/p>\n\n\n\n<p>Carlak \u201cAJ Complementos\u201d-eko agintea hartu zuen 2021ean, saltzaile gisa 12 urte eman ondoren.<\/p>\n\n\n\n<p>Bere negozioa izatera pasatzea une polita izan zen beretzat, nahiz eta onartzen du ez zela berak buruan zuena.&nbsp;<\/p>\n\n\n\n<p>\u201cInoiz ez nuen pentsatu nire negozioa izango nuenik, baina bizitza horretara eraman ninduen, eta oso burugogorra naiz\u201d.19 urte zituenetik dago denda honetan, zorionekoa sentitzen da oso bezero fidelak dituelako.&nbsp;<\/p>\n<\/div><\/div>\n\n\n\n<div class=\"wp-block-media-text alignwide is-stacked-on-mobile\"><figure class=\"wp-block-media-text__media\"><img decoding=\"async\" width=\"1024\" height=\"1024\" src=\"https:\/\/www.bilbaodendak.eus\/wp-content\/uploads\/2023\/03\/8-min-1024x1024.png\" alt=\"8M 2024 - D\u00eda de la mujer - Batas de colegio originales\" class=\"wp-image-97341 size-full\" srcset=\"https:\/\/www.bilbaodendak.eus\/wp-content\/uploads\/2023\/03\/8-min-1024x1024.png 1024w, https:\/\/www.bilbaodendak.eus\/wp-content\/uploads\/2023\/03\/8-min-300x300.png 300w, https:\/\/www.bilbaodendak.eus\/wp-content\/uploads\/2023\/03\/8-min-150x150.png 150w, https:\/\/www.bilbaodendak.eus\/wp-content\/uploads\/2023\/03\/8-min-768x768.png 768w, https:\/\/www.bilbaodendak.eus\/wp-content\/uploads\/2023\/03\/8-min.png 1080w\" sizes=\"(max-width: 1024px) 100vw, 1024px\" \/><\/figure><div class=\"wp-block-media-text__content\">\n<p><strong><mark style=\"background-color:rgba(0, 0, 0, 0)\" class=\"has-inline-color has-vivid-red-color\">Izaskun &#8211; Confecciones Turin<\/mark><\/strong><\/p>\n\n\n\n<p>\u201cArraro dirudi, baina niretzat denda dena da, asko gustatzen zait. Nire ahalegina eta saria da\u201d.&nbsp;<\/p>\n\n\n\n<p>Izaskun 16 urte zituenetik dabil merkataritzan lanean. Bere gurasoek duela 53 urte ireki zuten \u201cConfecciones Tur\u00edn\u201d Santutxu eta Basarrate artean kokatua. \u201cEskolatik irten eta hona etortzen ginen\u201d.&nbsp;<\/p>\n\n\n\n<p>Auzoko denda denez, dena oso familiarra da, eta horrek asko lagundu dio lana eta seme-alaben hazkuntza uztartzeko.<\/p>\n\n\n\n<p>\u201cGurasoen ordezkoa hartu nahi nuen beti, niri hau izugarri gustatzen zait\u201d.<\/p>\n<\/div><\/div>\n\n\n\n<div class=\"wp-block-media-text alignwide is-stacked-on-mobile\"><figure class=\"wp-block-media-text__media\"><img decoding=\"async\" width=\"1024\" height=\"1024\" src=\"https:\/\/www.bilbaodendak.eus\/wp-content\/uploads\/2023\/03\/2-min-1024x1024.png\" alt=\"8M 2024 - D\u00eda de la mujer - Batas de colegio originales\" class=\"wp-image-97337 size-full\" srcset=\"https:\/\/www.bilbaodendak.eus\/wp-content\/uploads\/2023\/03\/2-min-1024x1024.png 1024w, https:\/\/www.bilbaodendak.eus\/wp-content\/uploads\/2023\/03\/2-min-300x300.png 300w, https:\/\/www.bilbaodendak.eus\/wp-content\/uploads\/2023\/03\/2-min-150x150.png 150w, https:\/\/www.bilbaodendak.eus\/wp-content\/uploads\/2023\/03\/2-min-768x768.png 768w, https:\/\/www.bilbaodendak.eus\/wp-content\/uploads\/2023\/03\/2-min.png 1080w\" sizes=\"(max-width: 1024px) 100vw, 1024px\" \/><\/figure><div class=\"wp-block-media-text__content\">\n<p><strong><mark style=\"background-color:rgba(0, 0, 0, 0)\" class=\"has-inline-color has-vivid-red-color\">Rebeca &#8211; Batas de colegio originales<\/mark><\/strong><\/p>\n\n\n\n<p>Rebecak negozio bat ireki zuen, gizon eta emakumeen bildumak egiten zituen tailer-denda bat, baina ez zuen funtzionatu berak nahi zuen moduan, eta berrasmatu egin behar izan zuen. Horrela jaio zen \u201cBatas de Colegio\u201d.<\/p>\n\n\n\n<p>Bere ahaleginarekin eta jarraikitasunarekin modua bilatzen jakin zuen, \u201cokertu egin nintzen eta buelta bat eman behar izan nuen\u201d, dio diseinatzaileak.<\/p>\n\n\n\n<p>Aitortu du une batzuk izan dituela esateko: zertan ari naiz? baina aurrera ateratzeko konfiantza izan zuen&nbsp;<\/p>\n\n\n\n<p>\u201cGustatzen zaidan horretan lan egiteak bultzatu nau berrasmatzera\u201d.&nbsp;<\/p>\n<\/div><\/div>\n\n\n\n<div class=\"wp-block-media-text alignwide is-stacked-on-mobile\"><figure class=\"wp-block-media-text__media\"><img loading=\"lazy\" decoding=\"async\" width=\"1024\" height=\"1024\" src=\"https:\/\/www.bilbaodendak.eus\/wp-content\/uploads\/2023\/03\/7-min-1024x1024.png\" alt=\"8M 2024 - D\u00eda de la mujer - Decoraci\u00f3n y hogar\" class=\"wp-image-97373 size-full\" srcset=\"https:\/\/www.bilbaodendak.eus\/wp-content\/uploads\/2023\/03\/7-min-1024x1024.png 1024w, https:\/\/www.bilbaodendak.eus\/wp-content\/uploads\/2023\/03\/7-min-300x300.png 300w, https:\/\/www.bilbaodendak.eus\/wp-content\/uploads\/2023\/03\/7-min-150x150.png 150w, https:\/\/www.bilbaodendak.eus\/wp-content\/uploads\/2023\/03\/7-min-768x768.png 768w, https:\/\/www.bilbaodendak.eus\/wp-content\/uploads\/2023\/03\/7-min.png 1080w\" sizes=\"(max-width: 1024px) 100vw, 1024px\" \/><\/figure><div class=\"wp-block-media-text__content\">\n<p><strong><mark style=\"background-color:rgba(0, 0, 0, 0)\" class=\"has-inline-color has-vivid-red-color\">Elena &#8211; Decoraci\u00f3n y hogar<\/mark><\/strong><\/p>\n\n\n\n<p>Elena oihal eta harien artean hazi da.<\/p>\n\n\n\n<p>Bere amak duela 30 urte ireki zuen \u201cDecoraci\u00f3n y hogar\u201d San Ignazion, eta orain dela 10 urte bera da buru.<\/p>\n\n\n\n<p>Aitortzen du hasieran bertigo ematen ziola, bere amak listoia oso altu utzi zuelako, errezeletan aditua zela, \u201cerrezelak jarri ditu Bilbo erdiari\u201d&nbsp;<\/p>\n\n\n\n<p>Hala ere, bere amaren laguntzarekin eta ahalegin handiarekin sektorean bere lekua egitea lortu zuen.<\/p>\n<\/div><\/div>\n\n\n\n<div class=\"wp-block-media-text alignwide is-stacked-on-mobile\"><figure class=\"wp-block-media-text__media\"><img loading=\"lazy\" decoding=\"async\" width=\"1024\" height=\"1024\" src=\"https:\/\/www.bilbaodendak.eus\/wp-content\/uploads\/2023\/03\/6-min-1024x1024.png\" alt=\"8M 2024 - D\u00eda de la mujer - Modas In\u00e9s\" class=\"wp-image-97353 size-full\" srcset=\"https:\/\/www.bilbaodendak.eus\/wp-content\/uploads\/2023\/03\/6-min-1024x1024.png 1024w, https:\/\/www.bilbaodendak.eus\/wp-content\/uploads\/2023\/03\/6-min-300x300.png 300w, https:\/\/www.bilbaodendak.eus\/wp-content\/uploads\/2023\/03\/6-min-150x150.png 150w, https:\/\/www.bilbaodendak.eus\/wp-content\/uploads\/2023\/03\/6-min-768x768.png 768w, https:\/\/www.bilbaodendak.eus\/wp-content\/uploads\/2023\/03\/6-min.png 1080w\" sizes=\"(max-width: 1024px) 100vw, 1024px\" \/><\/figure><div class=\"wp-block-media-text__content\">\n<p><strong><mark style=\"background-color:rgba(0, 0, 0, 0)\" class=\"has-inline-color has-vivid-red-color\">In\u00e9s &#8211; Modas In\u00e9s<\/mark><\/strong><\/p>\n\n\n\n<p>Merkataria izatea bizimodu bat da. In\u00e9sek ia 30 urte daramatza dendan. Gurasoek Modas In\u00e9s ireki zuten Errekalden 1968an eta berak hartu zuen ordezkoa.<\/p>\n\n\n\n<p>Jendearentzako arreta eta bezeroei irribarre egitea oso garrantzitsua da.<\/p>\n\n\n\n<p>Pandemia mugarri bat izan zen. &#8220;Edo itxi, edo geratu eta borrokatu, eta borrokatzea erabaki dut&#8221;.<\/p>\n\n\n\n<p>Kudeaketa, erakusleiho-apainketa, salmenta-puntua, bezeroarentzako arreta, produktuaren erosketa eta salmenta&#8230; guztia berak kudeatzen du lan titaniko bat eginez.&nbsp;<\/p>\n\n\n\n<p>\u201cJokatzea erabaki nuen, eta pozik nago erabakiarekin\u201d.&nbsp;<\/p>\n<\/div><\/div>\n\n\n\n<div class=\"wp-block-media-text alignwide is-stacked-on-mobile\"><figure class=\"wp-block-media-text__media\"><img loading=\"lazy\" decoding=\"async\" width=\"1024\" height=\"1024\" src=\"https:\/\/www.bilbaodendak.eus\/wp-content\/uploads\/2023\/03\/1-min-1024x1024.png\" alt=\"8M 2024 - D\u00eda de la mujer - Pasteler\u00eda Onenak\" class=\"wp-image-97357 size-full\" srcset=\"https:\/\/www.bilbaodendak.eus\/wp-content\/uploads\/2023\/03\/1-min-1024x1024.png 1024w, https:\/\/www.bilbaodendak.eus\/wp-content\/uploads\/2023\/03\/1-min-300x300.png 300w, https:\/\/www.bilbaodendak.eus\/wp-content\/uploads\/2023\/03\/1-min-150x150.png 150w, https:\/\/www.bilbaodendak.eus\/wp-content\/uploads\/2023\/03\/1-min-768x768.png 768w, https:\/\/www.bilbaodendak.eus\/wp-content\/uploads\/2023\/03\/1-min.png 1080w\" sizes=\"(max-width: 1024px) 100vw, 1024px\" \/><\/figure><div class=\"wp-block-media-text__content\">\n<p><strong><mark style=\"background-color:rgba(0, 0, 0, 0)\" class=\"has-inline-color has-vivid-red-color\">Mariv\u00ed &#8211; Pasteler\u00eda Onenak<\/mark><\/strong><\/p>\n\n\n\n<p>\u201cAbokatu-lana utzi nuen gozogintzan aritzeko\u201d.<\/p>\n\n\n\n<p>Mariv\u00ed, I\u00f1aki bere bikotekidearekin batera, Paster\u00edas Onenak enpresaren buru da Basurtun.<\/p>\n\n\n\n<p>Aita-amaginarrebengandik heredatu zuen negozioa da, eta pausoa ematea erabaki zuen, gustuko zuelako. Oso lan polita da, eta Marivik egunero gozatzen duena.<\/p>\n\n\n\n<p>Itxura berria ematen jakin dute, elaborazio ezberdinak sortuz eta lehengai berriak erabiliz.&nbsp;<\/p>\n<\/div><\/div>\n\n\n\n<div class=\"wp-block-media-text alignwide is-stacked-on-mobile\"><figure class=\"wp-block-media-text__media\"><img loading=\"lazy\" decoding=\"async\" width=\"1024\" height=\"1024\" src=\"https:\/\/www.bilbaodendak.eus\/wp-content\/uploads\/2023\/03\/9-min-1024x1024.png\" alt=\"8M 2024 - D\u00eda de la mujer - Cl\u00ednica Dental Ondarroa\" class=\"wp-image-97369 size-full\" srcset=\"https:\/\/www.bilbaodendak.eus\/wp-content\/uploads\/2023\/03\/9-min-1024x1024.png 1024w, https:\/\/www.bilbaodendak.eus\/wp-content\/uploads\/2023\/03\/9-min-300x300.png 300w, https:\/\/www.bilbaodendak.eus\/wp-content\/uploads\/2023\/03\/9-min-150x150.png 150w, https:\/\/www.bilbaodendak.eus\/wp-content\/uploads\/2023\/03\/9-min-768x768.png 768w, https:\/\/www.bilbaodendak.eus\/wp-content\/uploads\/2023\/03\/9-min.png 1080w\" sizes=\"(max-width: 1024px) 100vw, 1024px\" \/><\/figure><div class=\"wp-block-media-text__content\">\n<p><strong><mark style=\"background-color: rgba(0, 0, 0, 0);\" class=\"has-inline-color has-vivid-red-color\">Eguzki\u00f1e &#8211; Cl\u00ednica Dental Ondarroa<\/mark><\/strong><\/p>\n\n\n\n<p>27 urterekin, Eguzki\u00f1ek bere hortz-klinika sortu zuen Txurdinagan, cl\u00ednica dental Ondarroa. Laguntzarik jaso ez arren, bere lanaren alde egin zuen eta ekitea erabaki zuen.&nbsp;<\/p>\n\n\n\n<p>\u201cKlinika aurrera atera dut egin duda lan eta ahalegin guztiagatik\u201d.&nbsp;<\/p>\n\n\n\n<p>Alaba erditu eta hilabetera, lanera itzuli behar izan zuen. Izan ere, aitortzen du \u201cautonomook ez dugu batere erraza\u201d.<\/p>\n<\/div><\/div>\n\n\n\n<div class=\"wp-block-media-text alignwide is-stacked-on-mobile\"><figure class=\"wp-block-media-text__media\"><img loading=\"lazy\" decoding=\"async\" width=\"1024\" height=\"1024\" src=\"https:\/\/www.bilbaodendak.eus\/wp-content\/uploads\/2023\/03\/4-min-1024x1024.png\" alt=\"8M 2024 - D\u00eda de la mujer - Restaurante Etxekoa\" class=\"wp-image-97349 size-full\" srcset=\"https:\/\/www.bilbaodendak.eus\/wp-content\/uploads\/2023\/03\/4-min-1024x1024.png 1024w, https:\/\/www.bilbaodendak.eus\/wp-content\/uploads\/2023\/03\/4-min-300x300.png 300w, https:\/\/www.bilbaodendak.eus\/wp-content\/uploads\/2023\/03\/4-min-150x150.png 150w, https:\/\/www.bilbaodendak.eus\/wp-content\/uploads\/2023\/03\/4-min-768x768.png 768w, https:\/\/www.bilbaodendak.eus\/wp-content\/uploads\/2023\/03\/4-min.png 1080w\" sizes=\"(max-width: 1024px) 100vw, 1024px\" \/><\/figure><div class=\"wp-block-media-text__content\">\n<p><strong><mark style=\"background-color:rgba(0, 0, 0, 0)\" class=\"has-inline-color has-vivid-red-color\">Mari &#8211; Restaurante Etxekoa<\/mark><\/strong><\/p>\n\n\n\n<p>\u201cNik borrokatu egin dut, beste lan batetik etorri eta aurrera ateratzen jakin dut\u201d.<\/p>\n\n\n\n<p>Mari, bere seme Ederren ondoan, Restaurante Etxekoa-ren buru da. Senarrarekin ireki zuen duela 24 urte, eta orain haiek dira arduradunak.&nbsp;<\/p>\n\n\n\n<p>Marik bakarrik ikasi behar izan zuen dena, liburuen bidez, telebistako errezeten bidez&#8230; Oso harro sentitzen da lortutakoarekin, eta ez da gutxiagorako, bi seme-alabak ia bakarrik atera behar izan baititu aurrera.<\/p>\n\n\n\n<p>\u201cLanera etortzea terapia bat bezalakoa da niretzat\u201d<\/p>\n<\/div><\/div>\n\n\n\n<div class=\"wp-block-media-text alignwide is-stacked-on-mobile\"><figure class=\"wp-block-media-text__media\"><img loading=\"lazy\" decoding=\"async\" width=\"1024\" height=\"1024\" src=\"https:\/\/www.bilbaodendak.eus\/wp-content\/uploads\/2023\/03\/5-min-1024x1024.png\" alt=\"8M 2024 - D\u00eda de la mujer - Fruter\u00eda Joseba\" class=\"wp-image-97377 size-full\" srcset=\"https:\/\/www.bilbaodendak.eus\/wp-content\/uploads\/2023\/03\/5-min-1024x1024.png 1024w, https:\/\/www.bilbaodendak.eus\/wp-content\/uploads\/2023\/03\/5-min-300x300.png 300w, https:\/\/www.bilbaodendak.eus\/wp-content\/uploads\/2023\/03\/5-min-150x150.png 150w, https:\/\/www.bilbaodendak.eus\/wp-content\/uploads\/2023\/03\/5-min-768x768.png 768w, https:\/\/www.bilbaodendak.eus\/wp-content\/uploads\/2023\/03\/5-min.png 1080w\" sizes=\"(max-width: 1024px) 100vw, 1024px\" \/><\/figure><div class=\"wp-block-media-text__content\">\n<p><strong><mark style=\"background-color:rgba(0, 0, 0, 0)\" class=\"has-inline-color has-vivid-red-color\">Isabel &#8211; Fruter\u00eda Joseba<\/mark><\/strong><\/p>\n\n\n\n<p>\u201cGero eta gizon gehiago etortzen dira erosketak egitera\u201d, dio Isabelek, Deustuko Joseba fruta-dendakoa.&nbsp;<\/p>\n\n\n\n<p>Isabelek 28 urte daramatza Joseba fruta-dendaren buru senarrarekin batera Deustun. Goizeko 3etan jaiki da, Mercabilbaora joateko eta fruta-denda 08:00etan irekita edukitzeko.<\/p>\n\n\n\n<p>Lan sakrifikatua egin arren, Isabelek poza eta energia positiboa transmititzen ditu bere postuan, \u201cahalik eta hobekien egokitu behar da\u201d dio.&nbsp;<\/p>\n<\/div><\/div>\n\n\n\n<div class=\"wp-block-media-text alignwide is-stacked-on-mobile\"><figure class=\"wp-block-media-text__media\"><img loading=\"lazy\" decoding=\"async\" width=\"1024\" height=\"1024\" src=\"https:\/\/www.bilbaodendak.eus\/wp-content\/uploads\/2023\/03\/10-min-1024x1024.png\" alt=\"8M 2024 - D\u00eda de la mujer - Calzados d'jamberi\" class=\"wp-image-97365 size-full\" srcset=\"https:\/\/www.bilbaodendak.eus\/wp-content\/uploads\/2023\/03\/10-min-1024x1024.png 1024w, https:\/\/www.bilbaodendak.eus\/wp-content\/uploads\/2023\/03\/10-min-300x300.png 300w, https:\/\/www.bilbaodendak.eus\/wp-content\/uploads\/2023\/03\/10-min-150x150.png 150w, https:\/\/www.bilbaodendak.eus\/wp-content\/uploads\/2023\/03\/10-min-768x768.png 768w, https:\/\/www.bilbaodendak.eus\/wp-content\/uploads\/2023\/03\/10-min.png 1080w\" sizes=\"(max-width: 1024px) 100vw, 1024px\" \/><\/figure><div class=\"wp-block-media-text__content\">\n<p><strong><mark style=\"background-color:rgba(0, 0, 0, 0)\" class=\"has-inline-color has-vivid-red-color\">Mar\u00eda &#8211; D&#8217;jamberi<\/mark><\/strong><\/p>\n\n\n\n<p>Mariak 2011n ireki zuen denda senarrarekin, duela 5 urte alargundu egin zen eta Calzados d &#8216;Jamberiren ardurapean geratu behar izan zuen Zorrotzan<\/p>\n\n\n\n<p>Beti irribarrez eta arazoak atean utzita, Mariak bere zapata-denda eramaten du aurrera.<\/p>\n\n\n\n<p>Senarra hil zitzaionean bere burua bakarrik ikustea oso gogorra izan zela aitortzen du, baina \u201caurrera egin nuen eta bere legatuarekin jarraitu nuen\u201d.&nbsp;<\/p>\n<\/div><\/div>\n\n\n\n<div class=\"wp-block-media-text alignwide is-stacked-on-mobile\"><figure class=\"wp-block-media-text__media\"><img loading=\"lazy\" decoding=\"async\" width=\"1024\" height=\"1024\" src=\"https:\/\/www.bilbaodendak.eus\/wp-content\/uploads\/2023\/03\/Diseno-sin-titulo-4-min-1024x1024.png\" alt=\"8M 2024 - D\u00eda de la mujer - Optica Ibaizabal\" class=\"wp-image-97414 size-full\" srcset=\"https:\/\/www.bilbaodendak.eus\/wp-content\/uploads\/2023\/03\/Diseno-sin-titulo-4-min-1024x1024.png 1024w, https:\/\/www.bilbaodendak.eus\/wp-content\/uploads\/2023\/03\/Diseno-sin-titulo-4-min-300x300.png 300w, https:\/\/www.bilbaodendak.eus\/wp-content\/uploads\/2023\/03\/Diseno-sin-titulo-4-min-150x150.png 150w, https:\/\/www.bilbaodendak.eus\/wp-content\/uploads\/2023\/03\/Diseno-sin-titulo-4-min-768x768.png 768w, https:\/\/www.bilbaodendak.eus\/wp-content\/uploads\/2023\/03\/Diseno-sin-titulo-4-min.png 1080w\" sizes=\"(max-width: 1024px) 100vw, 1024px\" \/><\/figure><div class=\"wp-block-media-text__content\">\n<p><strong><mark style=\"background-color:rgba(0, 0, 0, 0)\" class=\"has-inline-color has-vivid-red-color\">Nerea &#8211; Optica Ibaizabal<\/mark><\/strong><\/p>\n\n\n\n<p>Nerea Ibaizabal Optikaren buru da, Abusun, duela 25 urtetik.&nbsp;Auzoaren konfiantza lortu zuen denek optika berera joateko ohitura zutenean.<\/p>\n\n\n\n<p>Negozio propioa izatea eta bizitza pertsonalarekin uztartzea askotan zaila da.&nbsp;&nbsp;\u201c62 urte ditut eta ez dut seme-alabarik, baina ama dementziaduna dut\u201d, esan digu Nereak.<\/p>\n\n\n\n<p>Andre Berri, auzoko emakumeak, emakumeen mugimendu askotan parte hartzen du betidanik, \u201cez nuke nabarmendu beharko, baina uste dut oraindik bai\u201d.<\/p>\n<\/div><\/div>\n\n\n\n<div class=\"wp-block-media-text alignwide is-stacked-on-mobile\"><figure class=\"wp-block-media-text__media\"><img loading=\"lazy\" decoding=\"async\" width=\"1024\" height=\"1024\" src=\"https:\/\/www.bilbaodendak.eus\/wp-content\/uploads\/2023\/03\/12-min-1024x1024.png\" alt=\"8M 2024 - D\u00eda de la mujer - Mercado de la ribera 2\" class=\"wp-image-97426 size-full\" srcset=\"https:\/\/www.bilbaodendak.eus\/wp-content\/uploads\/2023\/03\/12-min-1024x1024.png 1024w, https:\/\/www.bilbaodendak.eus\/wp-content\/uploads\/2023\/03\/12-min-300x300.png 300w, https:\/\/www.bilbaodendak.eus\/wp-content\/uploads\/2023\/03\/12-min-150x150.png 150w, https:\/\/www.bilbaodendak.eus\/wp-content\/uploads\/2023\/03\/12-min-768x768.png 768w, https:\/\/www.bilbaodendak.eus\/wp-content\/uploads\/2023\/03\/12-min.png 1080w\" sizes=\"(max-width: 1024px) 100vw, 1024px\" \/><\/figure><div class=\"wp-block-media-text__content\">\n<p><strong><mark style=\"background-color:rgba(0, 0, 0, 0)\" class=\"has-inline-color has-vivid-red-color\">Ana &#8211; Mercado de La Ribera<\/mark><\/strong><\/p>\n\n\n\n<p>Anak eta haren senarrak duela 17 urte Erriberako Merkatuko postua hartu zuten oinordetzan.<\/p>\n\n\n\n<p>Ana gozogintza batetik oilasko-dendara igaro zen, eta aldaketa handia izan zen 0tik ikasi behar izan zuen.<\/p>\n\n\n\n<p>Gutxinaka profesionalizatzen joan zen eta bere bidea ireki zuen prestatutakoen munduan.&nbsp;<\/p>\n\n\n\n<p>\u201cOrdu asko behar izan ditugu gauza ezberdinak eskaintzeko eta aurrera egiteko\u201d<\/p>\n<\/div><\/div>\n\n\n\n<div class=\"wp-block-media-text alignwide is-stacked-on-mobile\"><figure class=\"wp-block-media-text__media\"><img loading=\"lazy\" decoding=\"async\" width=\"1024\" height=\"1024\" src=\"https:\/\/www.bilbaodendak.eus\/wp-content\/uploads\/2023\/03\/14-min-1024x1024.png\" alt=\"8M 2024 - D\u00eda de la mujer - Tonific Bilbao\" class=\"wp-image-97422 size-full\" srcset=\"https:\/\/www.bilbaodendak.eus\/wp-content\/uploads\/2023\/03\/14-min-1024x1024.png 1024w, https:\/\/www.bilbaodendak.eus\/wp-content\/uploads\/2023\/03\/14-min-300x300.png 300w, https:\/\/www.bilbaodendak.eus\/wp-content\/uploads\/2023\/03\/14-min-150x150.png 150w, https:\/\/www.bilbaodendak.eus\/wp-content\/uploads\/2023\/03\/14-min-768x768.png 768w, https:\/\/www.bilbaodendak.eus\/wp-content\/uploads\/2023\/03\/14-min.png 1080w\" sizes=\"(max-width: 1024px) 100vw, 1024px\" \/><\/figure><div class=\"wp-block-media-text__content\">\n<p><strong><mark style=\"background-color:rgba(0, 0, 0, 0)\" class=\"has-inline-color has-vivid-red-color\">Ana &#8211; Tonific Peluquer\u00eda<\/mark><\/strong><\/p>\n\n\n\n<p>\u201cHau ez da lan bat niretzat, nire grina da, nire zaletasuna\u201d. Anak 20 urterekin ireki zuen bere lehen ile-apaindegia.<\/p>\n\n\n\n<p>Adimen geldiezina eta dedikazio handia du, eta orain Tonific-en buru da, duela 13 urtetik.<\/p>\n\n\n\n<p>Izugarri gustatzen zaio bere lana, eta ilusio handiz gogoratzen ditu hastapenak, ekitea eta Tonific sortzea, berak nahi bezala egindako ile-apaindegia, tratu berezi, pertsonalizatu eta esklusiboarekin.<\/p>\n\n\n\n<p>Onartzen du ez dela erraza lana eta pertsonala uztartzea, ordu asko baitaude atzean, baina deskonektatzen eta bereizten ikasi du.<\/p>\n<\/div><\/div>\n\n\n\n<div class=\"wp-block-media-text alignwide is-stacked-on-mobile\"><figure class=\"wp-block-media-text__media\"><img loading=\"lazy\" decoding=\"async\" width=\"1024\" height=\"1024\" src=\"https:\/\/www.bilbaodendak.eus\/wp-content\/uploads\/2023\/03\/Diseno-sin-titulo-4-min-1-1024x1024.png\" alt=\"\" class=\"wp-image-97430 size-full\" srcset=\"https:\/\/www.bilbaodendak.eus\/wp-content\/uploads\/2023\/03\/Diseno-sin-titulo-4-min-1-1024x1024.png 1024w, https:\/\/www.bilbaodendak.eus\/wp-content\/uploads\/2023\/03\/Diseno-sin-titulo-4-min-1-300x300.png 300w, https:\/\/www.bilbaodendak.eus\/wp-content\/uploads\/2023\/03\/Diseno-sin-titulo-4-min-1-150x150.png 150w, https:\/\/www.bilbaodendak.eus\/wp-content\/uploads\/2023\/03\/Diseno-sin-titulo-4-min-1-768x768.png 768w, https:\/\/www.bilbaodendak.eus\/wp-content\/uploads\/2023\/03\/Diseno-sin-titulo-4-min-1.png 1080w\" sizes=\"(max-width: 1024px) 100vw, 1024px\" \/><\/figure><div class=\"wp-block-media-text__content\">\n<p><strong><mark style=\"background-color:rgba(0, 0, 0, 0)\" class=\"has-inline-color has-vivid-red-color\">Josune &#8211; Estanco Mart\u00ednez<\/mark><\/strong><\/p>\n\n\n\n<p>\u201cOstiral batean erditu nuen, eta astelehenean lanean ari nintzen\u201d.<\/p>\n\n\n\n<p>Josunek 16 urte zituenetik darama lanean. Orain dela 35 urte, bera eta bere senarra Otxarkoagako aita-amaginarreben estankoaren buru dira.<\/p>\n\n\n\n<p>Hiru seme-alabaren ardurapean, Josune eta bere senarra talde bat dira, eta beren negozioa bizitza pertsonalarekin uztartu ahal izan dute; azken urtean, ordea, senarrak Madrilera joan behar izan du, astelehenetik ostiralera bizitzera, eta, orain, bera arduratu behar da guztiaz. \u201cEzinezkoa ez, baina bai oso gogorra\u201d<\/p>\n\n\n\n<p>\u201cAkrobata samarra naiz\u201d, eta beharrezkoa da erritmoa jarraitzeko.<\/p>\n<\/div><\/div>\n","protected":false},"excerpt":{"rendered":"<p>bilbaoDendak-ek omenaldia egiten die gure hiriko merkataritza-sarea osatzen duten emakume guztiei, sektorearen arima eta motorra baitira.<\/p>\n","protected":false},"featured_media":97434,"template":"","categoria-noticia":[1231,1230],"class_list":["post-46203","noticias","type-noticias","status-publish","has-post-thumbnail","hentry","categoria-noticia-denda-bat-naiz","categoria-noticia-orain-bilbon"],"_links":{"self":[{"href":"https:\/\/www.bilbaodendak.eus\/eu\/wp-json\/wp\/v2\/noticias\/46203","targetHints":{"allow":["GET"]}}],"collection":[{"href":"https:\/\/www.bilbaodendak.eus\/eu\/wp-json\/wp\/v2\/noticias"}],"about":[{"href":"https:\/\/www.bilbaodendak.eus\/eu\/wp-json\/wp\/v2\/types\/noticias"}],"wp:featuredmedia":[{"embeddable":true,"href":"https:\/\/www.bilbaodendak.eus\/eu\/wp-json\/wp\/v2\/media\/97434"}],"wp:attachment":[{"href":"https:\/\/www.bilbaodendak.eus\/eu\/wp-json\/wp\/v2\/media?parent=46203"}],"wp:term":[{"taxonomy":"categoria-noticia","embeddable":true,"href":"https:\/\/www.bilbaodendak.eus\/eu\/wp-json\/wp\/v2\/categoria-noticia?post=46203"}],"curies":[{"name":"wp","href":"https:\/\/api.w.org\/{rel}","templated":true}]}}