{"id":110846,"date":"2026-03-09T12:02:15","date_gmt":"2026-03-09T11:02:15","guid":{"rendered":"https:\/\/www.bilbaodendak.eus\/?post_type=noticias&#038;p=110846"},"modified":"2026-03-09T12:02:22","modified_gmt":"2026-03-09T11:02:22","slug":"mujeres-bilbao","status":"publish","type":"noticias","link":"https:\/\/www.bilbaodendak.eus\/eu\/berriak\/mujeres-bilbao\/","title":{"rendered":"Bilboko merkataritzako emakumeei omenaldia"},"content":{"rendered":"\n<h2 class=\"wp-block-heading\">bilbaoDendak-ek sektoreko emakume guztien profesionaltasuna eta dedikazioa goraipatzen ditu 14 testigantzatan<\/h2>\n\n\n\n<p>Emakume ausartak eta grinatsuak, batzuk jaiotzez ekintzaileak dira, beste batzuek familiaren erreleboa hartu dute, baina denek partekatzen dute profesionaltasuna, dedikazioa eta gertutasuna. Bizitza pertsonala eta negozioa bateratzea ez da beti erraza izaten, baina lanarekiko maitasunak eta bezeroekiko konpromisoak bultzatzen ditu egunero. Erreportaje hau beren\u00a0gorputz eta arima aritzearen eta Bilboko tokiko merkataritzan duen ezinbesteko paperaren errekonozimendua da.<\/p>\n\n\n\n<div class=\"wp-block-media-text is-stacked-on-mobile\"><figure class=\"wp-block-media-text__media\"><img fetchpriority=\"high\" decoding=\"async\" width=\"1024\" height=\"1024\" src=\"https:\/\/www.bilbaodendak.eus\/wp-content\/uploads\/2025\/03\/BLV-1024x1024.jpg\" alt=\"\" class=\"wp-image-123161 size-full\" srcset=\"https:\/\/www.bilbaodendak.eus\/wp-content\/uploads\/2025\/03\/BLV-1024x1024.jpg 1024w, https:\/\/www.bilbaodendak.eus\/wp-content\/uploads\/2025\/03\/BLV-300x300.jpg 300w, https:\/\/www.bilbaodendak.eus\/wp-content\/uploads\/2025\/03\/BLV-150x150.jpg 150w, https:\/\/www.bilbaodendak.eus\/wp-content\/uploads\/2025\/03\/BLV-768x768.jpg 768w, https:\/\/www.bilbaodendak.eus\/wp-content\/uploads\/2025\/03\/BLV-1536x1536.jpg 1536w, https:\/\/www.bilbaodendak.eus\/wp-content\/uploads\/2025\/03\/BLV-2048x2048.jpg 2048w\" sizes=\"(max-width: 1024px) 100vw, 1024px\" \/><\/figure><div class=\"wp-block-media-text__content\">\n<p><strong><mark style=\"background-color:rgba(0, 0, 0, 0)\" class=\"has-inline-color has-vivid-red-color\">Maiuki \u2013 Naia<\/mark><\/strong><\/p>\n\n\n\n<p>0tik ikastea eta ideia bat mugak zeharkatzen dituen marka bihurtzea<\/p>\n\n\n\n<p>Horrela hasi zen Naiaren bidea Maiukirekin: ordu amaigabeak, etengabeko ikaskuntza eta egokitzeko gaitasun ikaragarria.<\/p>\n\n\n\n<p>2013an, online, etxetik, lehen alabaren zain zegoela puntua egiten ikasten. Bateratzeko \u2014edo ahalegintzeko\u2014 modu gisa sortu zena, azkenean, bere bizi-proiektu bihurtu zen.\u00a0<\/p>\n<\/div><\/div>\n\n\n\n<div style=\"height:20px\" aria-hidden=\"true\" class=\"wp-block-spacer\"><\/div>\n\n\n\n<div class=\"wp-block-media-text is-stacked-on-mobile\"><figure class=\"wp-block-media-text__media\"><img decoding=\"async\" width=\"1024\" height=\"1024\" src=\"https:\/\/www.bilbaodendak.eus\/wp-content\/uploads\/2025\/03\/zorroza-1024x1024.jpg\" alt=\"\" class=\"wp-image-123201 size-full\" srcset=\"https:\/\/www.bilbaodendak.eus\/wp-content\/uploads\/2025\/03\/zorroza-1024x1024.jpg 1024w, https:\/\/www.bilbaodendak.eus\/wp-content\/uploads\/2025\/03\/zorroza-300x300.jpg 300w, https:\/\/www.bilbaodendak.eus\/wp-content\/uploads\/2025\/03\/zorroza-150x150.jpg 150w, https:\/\/www.bilbaodendak.eus\/wp-content\/uploads\/2025\/03\/zorroza-768x768.jpg 768w, https:\/\/www.bilbaodendak.eus\/wp-content\/uploads\/2025\/03\/zorroza-1536x1536.jpg 1536w, https:\/\/www.bilbaodendak.eus\/wp-content\/uploads\/2025\/03\/zorroza-2048x2048.jpg 2048w\" sizes=\"(max-width: 1024px) 100vw, 1024px\" \/><\/figure><div class=\"wp-block-media-text__content\">\n<p><strong><mark style=\"background-color:rgba(0, 0, 0, 0)\" class=\"has-inline-color has-vivid-red-color\">Librer\u00eda L\u00e1pices \u2013 Itziar<\/mark><\/strong><\/p>\n\n\n\n<p>Zure bizitza atzean utzi, zure amaren ametsa salbatzeko.<\/p>\n\n\n\n<p>Horrela iritsi zen Itziar\u00a0<strong>Zorrotza<\/strong>ko\u00a0<strong>Librer\u00eda L\u00e1pices-era<\/strong>. Liburu-denda bere amak, Mariluzek, ireki zuen 2001ean. Bere ametsa zen.<\/p>\n\n\n\n<p>Ekonomikoki ez da erraza izan. Badira hilabete hobeak eta okerragoak. Ez dago nomina finkorik. Baina argi du: \u201cOrdutegi mailan edo diruan agian ez du konpentsatzen. Zorion mailan, ez dut aldatzen\u201d.<\/p>\n<\/div><\/div>\n\n\n\n<div style=\"height:20px\" aria-hidden=\"true\" class=\"wp-block-spacer\"><\/div>\n\n\n\n<div class=\"wp-block-media-text is-stacked-on-mobile\"><figure class=\"wp-block-media-text__media\"><img decoding=\"async\" width=\"1024\" height=\"1024\" src=\"https:\/\/www.bilbaodendak.eus\/wp-content\/uploads\/2025\/03\/CV-1024x1024.jpg\" alt=\"\" class=\"wp-image-123165 size-full\" srcset=\"https:\/\/www.bilbaodendak.eus\/wp-content\/uploads\/2025\/03\/CV-1024x1024.jpg 1024w, https:\/\/www.bilbaodendak.eus\/wp-content\/uploads\/2025\/03\/CV-300x300.jpg 300w, https:\/\/www.bilbaodendak.eus\/wp-content\/uploads\/2025\/03\/CV-150x150.jpg 150w, https:\/\/www.bilbaodendak.eus\/wp-content\/uploads\/2025\/03\/CV-768x768.jpg 768w, https:\/\/www.bilbaodendak.eus\/wp-content\/uploads\/2025\/03\/CV-1536x1536.jpg 1536w, https:\/\/www.bilbaodendak.eus\/wp-content\/uploads\/2025\/03\/CV-2048x2048.jpg 2048w\" sizes=\"(max-width: 1024px) 100vw, 1024px\" \/><\/figure><div class=\"wp-block-media-text__content\">\n<p><strong><mark style=\"background-color:rgba(0, 0, 0, 0)\" class=\"has-inline-color has-vivid-red-color\">Cutting Up \u2013 Sheila<\/mark><\/strong><\/p>\n\n\n\n<p>23 urterekin bere ile-apaindegia ireki zuen.\u00a0<\/p>\n\n\n\n<p>Sheilak Zazpi Kaleetako\u00a0<strong>Cutting Up<\/strong>-ekoa argi zuen ekin nahi ziola. Sei urtez besteren kontura lanean aritu ondoren, 2012an abiatu zuen bere proiektua ilusioz\u2026 eta bertigo handiz.\u00a0<\/p>\n\n\n\n<p>\u201cAmildegiaren ertzean ikusten nuen neure burua\u201d.\u00a0Beldurra hain gazte izateari, serio hartuko ez zutenari, zuzen ari ote zen ez jakiteari. Baina ireki egin zuen. Eta funtzionatu zuen.<\/p>\n<\/div><\/div>\n\n\n\n<div style=\"height:20px\" aria-hidden=\"true\" class=\"wp-block-spacer\"><\/div>\n\n\n\n<div class=\"wp-block-media-text is-stacked-on-mobile\"><figure class=\"wp-block-media-text__media\"><img loading=\"lazy\" decoding=\"async\" width=\"1024\" height=\"1024\" src=\"https:\/\/www.bilbaodendak.eus\/wp-content\/uploads\/2025\/03\/Hiru-Auzo-1024x1024.jpg\" alt=\"\" class=\"wp-image-123177 size-full\" srcset=\"https:\/\/www.bilbaodendak.eus\/wp-content\/uploads\/2025\/03\/Hiru-Auzo-1024x1024.jpg 1024w, https:\/\/www.bilbaodendak.eus\/wp-content\/uploads\/2025\/03\/Hiru-Auzo-300x300.jpg 300w, https:\/\/www.bilbaodendak.eus\/wp-content\/uploads\/2025\/03\/Hiru-Auzo-150x150.jpg 150w, https:\/\/www.bilbaodendak.eus\/wp-content\/uploads\/2025\/03\/Hiru-Auzo-768x768.jpg 768w, https:\/\/www.bilbaodendak.eus\/wp-content\/uploads\/2025\/03\/Hiru-Auzo-1536x1536.jpg 1536w, https:\/\/www.bilbaodendak.eus\/wp-content\/uploads\/2025\/03\/Hiru-Auzo-2048x2048.jpg 2048w\" sizes=\"(max-width: 1024px) 100vw, 1024px\" \/><\/figure><div class=\"wp-block-media-text__content\">\n<p><strong><mark style=\"background-color:rgba(0, 0, 0, 0)\" class=\"has-inline-color has-vivid-red-color\">Aialo \u2013 Olalla<\/mark><\/strong><\/p>\n\n\n\n<p>Osakidetzako oposizioak gainditu zituen. Lan egonkorra zuen.<br>Baina konturatu zen bere dendako atea zabaltzeak egiten zuela zoriontsu.<\/p>\n\n\n\n<p>Halakoxea da Olallaren istorioa,\u00a0<strong>Aialo<\/strong>ren buru San Inazion.<\/p>\n\n\n\n<p>En 2013, cuando su padre se jubil\u00f3 y en plena crisis, decidi\u00f3 quedarse con una \u00fanica tienda y empezar su propia etapa. Naci\u00f3 Aialo.<\/p>\n<\/div><\/div>\n\n\n\n<div style=\"height:20px\" aria-hidden=\"true\" class=\"wp-block-spacer\"><\/div>\n\n\n\n<div class=\"wp-block-media-text is-stacked-on-mobile\"><figure class=\"wp-block-media-text__media\"><img loading=\"lazy\" decoding=\"async\" width=\"1024\" height=\"1024\" src=\"https:\/\/www.bilbaodendak.eus\/wp-content\/uploads\/2025\/03\/otxar-1024x1024.jpg\" alt=\"\" class=\"wp-image-123185 size-full\" srcset=\"https:\/\/www.bilbaodendak.eus\/wp-content\/uploads\/2025\/03\/otxar-1024x1024.jpg 1024w, https:\/\/www.bilbaodendak.eus\/wp-content\/uploads\/2025\/03\/otxar-300x300.jpg 300w, https:\/\/www.bilbaodendak.eus\/wp-content\/uploads\/2025\/03\/otxar-150x150.jpg 150w, https:\/\/www.bilbaodendak.eus\/wp-content\/uploads\/2025\/03\/otxar-768x768.jpg 768w, https:\/\/www.bilbaodendak.eus\/wp-content\/uploads\/2025\/03\/otxar-1536x1536.jpg 1536w, https:\/\/www.bilbaodendak.eus\/wp-content\/uploads\/2025\/03\/otxar-2048x2048.jpg 2048w\" sizes=\"(max-width: 1024px) 100vw, 1024px\" \/><\/figure><div class=\"wp-block-media-text__content\">\n<p><strong><mark style=\"background-color:rgba(0, 0, 0, 0)\" class=\"has-inline-color has-vivid-red-color\">Farmacia Paula Ru\u00edz Golvano \u2013 Paula<\/mark><\/strong><\/p>\n\n\n\n<p>Zure doktore-tesia eta Iru\u00f1ean zenuen bizitza utzi, etxera itzuli eta familiako farmaziaren gidaritza hartzeko.<\/p>\n\n\n\n<p>Horrela hasi zen Paularen etapa\u00a0<strong>Paula Ruiz Golbao Farmaziako<\/strong>\u00a0buru bezala,\u00a0<strong>Otxarkoagan<\/strong>. Aita hil ondoren, Bilbora itzuli zen, eta titularitatea bere gain hartu zuen oso gazte zela eta une pertsonal zailean.<\/p>\n\n\n\n<p>Ez zen bere lehen aukera profesionala. Ikerketara bideratuta zegoen, beste bide batean. Baina farmaziaren alde egitea erabaki zuen\u2026 eta gaur egun ez da damutzen.<\/p>\n<\/div><\/div>\n\n\n\n<div style=\"height:20px\" aria-hidden=\"true\" class=\"wp-block-spacer\"><\/div>\n\n\n\n<div class=\"wp-block-media-text is-stacked-on-mobile\"><figure class=\"wp-block-media-text__media\"><img loading=\"lazy\" decoding=\"async\" width=\"1024\" height=\"1024\" src=\"https:\/\/www.bilbaodendak.eus\/wp-content\/uploads\/2025\/03\/santutxu-1024x1024.jpg\" alt=\"\" class=\"wp-image-123193 size-full\" srcset=\"https:\/\/www.bilbaodendak.eus\/wp-content\/uploads\/2025\/03\/santutxu-1024x1024.jpg 1024w, https:\/\/www.bilbaodendak.eus\/wp-content\/uploads\/2025\/03\/santutxu-300x300.jpg 300w, https:\/\/www.bilbaodendak.eus\/wp-content\/uploads\/2025\/03\/santutxu-150x150.jpg 150w, https:\/\/www.bilbaodendak.eus\/wp-content\/uploads\/2025\/03\/santutxu-768x768.jpg 768w, https:\/\/www.bilbaodendak.eus\/wp-content\/uploads\/2025\/03\/santutxu-1536x1536.jpg 1536w, https:\/\/www.bilbaodendak.eus\/wp-content\/uploads\/2025\/03\/santutxu-2048x2048.jpg 2048w\" sizes=\"(max-width: 1024px) 100vw, 1024px\" \/><\/figure><div class=\"wp-block-media-text__content\">\n<p><strong><mark style=\"background-color:rgba(0, 0, 0, 0)\" class=\"has-inline-color has-vivid-red-color\">Tres \u2013 Isabel<\/mark><\/strong><\/p>\n\n\n\n<p>\u201cNi atzera, ezta bultzada hartzeko ere.\u201d<\/p>\n\n\n\n<p>Duela 42 urte hasi zen Isabelen istorioa\u00a0<strong>Santutxu<\/strong>ko\u00a0<strong>Tres<\/strong>\u00a0dendan.<\/p>\n\n\n\n<p>Ez zetorren zuzenean dendatik: idazkaria eta kontularia zen. Baina moda beti egon zen gertu \u2014familia politiko osoa zegoen \u201csartuta\u201d\u2014 eta aukera sortu zenean, lana utzi eta dendaren aldeko apustua egin zuen.<\/p>\n\n\n\n<p>Ama gaztea, enpresaria, bidaiari nekaezina eta autonomoa lau hamarkada baino gehiagotan.\u00a0<\/p>\n<\/div><\/div>\n\n\n\n<div style=\"height:20px\" aria-hidden=\"true\" class=\"wp-block-spacer\"><\/div>\n\n\n\n<div class=\"wp-block-media-text is-stacked-on-mobile\"><figure class=\"wp-block-media-text__media\"><img loading=\"lazy\" decoding=\"async\" width=\"1024\" height=\"1024\" src=\"https:\/\/www.bilbaodendak.eus\/wp-content\/uploads\/2025\/03\/rekalde-1024x1024.jpg\" alt=\"\" class=\"wp-image-123189 size-full\" srcset=\"https:\/\/www.bilbaodendak.eus\/wp-content\/uploads\/2025\/03\/rekalde-1024x1024.jpg 1024w, https:\/\/www.bilbaodendak.eus\/wp-content\/uploads\/2025\/03\/rekalde-300x300.jpg 300w, https:\/\/www.bilbaodendak.eus\/wp-content\/uploads\/2025\/03\/rekalde-150x150.jpg 150w, https:\/\/www.bilbaodendak.eus\/wp-content\/uploads\/2025\/03\/rekalde-768x768.jpg 768w, https:\/\/www.bilbaodendak.eus\/wp-content\/uploads\/2025\/03\/rekalde-1536x1536.jpg 1536w, https:\/\/www.bilbaodendak.eus\/wp-content\/uploads\/2025\/03\/rekalde-2048x2048.jpg 2048w\" sizes=\"(max-width: 1024px) 100vw, 1024px\" \/><\/figure><div class=\"wp-block-media-text__content\">\n<p><strong><mark style=\"background-color:rgba(0, 0, 0, 0)\" class=\"has-inline-color has-vivid-red-color\">Joyer\u00eda Illana \u2013 Rekalde<\/mark><\/strong><\/p>\n\n\n\n<p>Duela 34 urte \u201cesku bat botatzera\u201d etorri zen\u2026 eta geratu egin zen. Jendearekiko tratua gustatzen zitzaiolako. Izan ere, hainbeste familiak maitasunez gogoratzen zuten istorio bat jarraitzearen pisua eta harrotasuna sentitzen nituen.<\/p>\n\n\n\n<p>Autonomoa izatearen etengabeko ziurgabetasuna. Eta hala ere, segi. Besteek konpontzen ez dutena konpontzen. Pilak aldatuz, erlojuak doituz, pieza bakoitza bakarra balitz bezala zainduz.<\/p>\n\n\n\n<p>Gehien baloratzen duena ez da soilik bitxi bat saltzea, hau entzutea baizik: \u201cZure aitaz oroitzen naiz\u201d, \u201currutitik nator zutaz fidatzen naizelako\u201d.<\/p>\n<\/div><\/div>\n\n\n\n<div style=\"height:20px\" aria-hidden=\"true\" class=\"wp-block-spacer\"><\/div>\n\n\n\n<div class=\"wp-block-media-text is-stacked-on-mobile\"><figure class=\"wp-block-media-text__media\"><img loading=\"lazy\" decoding=\"async\" width=\"1024\" height=\"1024\" src=\"https:\/\/www.bilbaodendak.eus\/wp-content\/uploads\/2025\/03\/BC-1024x1024.jpg\" alt=\"8M - Marguin - Bilbao Centro\" class=\"wp-image-123157 size-full\" srcset=\"https:\/\/www.bilbaodendak.eus\/wp-content\/uploads\/2025\/03\/BC-1024x1024.jpg 1024w, https:\/\/www.bilbaodendak.eus\/wp-content\/uploads\/2025\/03\/BC-300x300.jpg 300w, https:\/\/www.bilbaodendak.eus\/wp-content\/uploads\/2025\/03\/BC-150x150.jpg 150w, https:\/\/www.bilbaodendak.eus\/wp-content\/uploads\/2025\/03\/BC-768x768.jpg 768w, https:\/\/www.bilbaodendak.eus\/wp-content\/uploads\/2025\/03\/BC-1536x1536.jpg 1536w, https:\/\/www.bilbaodendak.eus\/wp-content\/uploads\/2025\/03\/BC-2048x2048.jpg 2048w\" sizes=\"(max-width: 1024px) 100vw, 1024px\" \/><\/figure><div class=\"wp-block-media-text__content\">\n<p><strong><mark style=\"background-color:rgba(0, 0, 0, 0)\" class=\"has-inline-color has-vivid-red-color\">Marguin Joyer\u00eda \u2013 Marguin<\/mark><\/strong><\/p>\n\n\n\n<p>Gemologian, tasazioetan eta diamanteetan espezializatuta, 2001ean ireki zuen denda bere bikotekidearekin batera. Duela 12 urte, banandu ondoren, bakarrik jarraitzea erabaki zuen, izena aldatu eta erabat berea egitea.<\/p>\n\n\n\n<p>Berarentzat, ahalegin bakoitzak merezi du. Izan ere, zure negozioa ez da lokal bat soilik: zure bizitzaren, zure historiaren, zure ahaleginaren eta teknika, konfiantza eta emozioak uztartzen dituen lanbide batekiko duzun grinaren ispilua da.<\/p>\n<\/div><\/div>\n\n\n\n<div style=\"height:20px\" aria-hidden=\"true\" class=\"wp-block-spacer\"><\/div>\n\n\n\n<div class=\"wp-block-media-text is-stacked-on-mobile\"><figure class=\"wp-block-media-text__media\"><img loading=\"lazy\" decoding=\"async\" width=\"1024\" height=\"1024\" src=\"https:\/\/www.bilbaodendak.eus\/wp-content\/uploads\/2025\/03\/Abusu-1024x1024.jpg\" alt=\"8M - PIlar - Abusu La Pe\u00f1a\" class=\"wp-image-123149 size-full\" srcset=\"https:\/\/www.bilbaodendak.eus\/wp-content\/uploads\/2025\/03\/Abusu-1024x1024.jpg 1024w, https:\/\/www.bilbaodendak.eus\/wp-content\/uploads\/2025\/03\/Abusu-300x300.jpg 300w, https:\/\/www.bilbaodendak.eus\/wp-content\/uploads\/2025\/03\/Abusu-150x150.jpg 150w, https:\/\/www.bilbaodendak.eus\/wp-content\/uploads\/2025\/03\/Abusu-768x768.jpg 768w, https:\/\/www.bilbaodendak.eus\/wp-content\/uploads\/2025\/03\/Abusu-1536x1536.jpg 1536w, https:\/\/www.bilbaodendak.eus\/wp-content\/uploads\/2025\/03\/Abusu-2048x2048.jpg 2048w\" sizes=\"(max-width: 1024px) 100vw, 1024px\" \/><\/figure><div class=\"wp-block-media-text__content\">\n<p><strong><mark style=\"background-color:rgba(0, 0, 0, 0)\" class=\"has-inline-color has-vivid-red-color\">Peluquer\u00eda On Style \u2013 Pilar<\/mark><\/strong><\/p>\n\n\n\n<p>Autonomoa, ama, enpresaria eta \u201cpixka bat psikologoa\u201d.<\/p>\n\n\n\n<p>Pilar Abusuko erreferentziazko ile-apaindegi baten buru da, On Style Peluqueros. Pilar eta Miguel, bikotea eta taldea.<\/p>\n\n\n\n<p>Bezero askorentzat ile-apaindegia bere deskonexio eta lasaitze aldia da: orraztera etortzen dira, baina baita berriketan egitera eta entzunak sentitzera ere. Eta Pilarrek ezin du gehiago eskertu eguneroko konfiantza hori.\ud83d\udc9c<\/p>\n<\/div><\/div>\n\n\n\n<div style=\"height:20px\" aria-hidden=\"true\" class=\"wp-block-spacer\"><\/div>\n\n\n\n<div class=\"wp-block-media-text is-stacked-on-mobile\"><figure class=\"wp-block-media-text__media\"><img loading=\"lazy\" decoding=\"async\" width=\"1024\" height=\"1024\" src=\"https:\/\/www.bilbaodendak.eus\/wp-content\/uploads\/2025\/03\/txurdi-1024x1024.jpg\" alt=\"\" class=\"wp-image-123197 size-full\" srcset=\"https:\/\/www.bilbaodendak.eus\/wp-content\/uploads\/2025\/03\/txurdi-1024x1024.jpg 1024w, https:\/\/www.bilbaodendak.eus\/wp-content\/uploads\/2025\/03\/txurdi-300x300.jpg 300w, https:\/\/www.bilbaodendak.eus\/wp-content\/uploads\/2025\/03\/txurdi-150x150.jpg 150w, https:\/\/www.bilbaodendak.eus\/wp-content\/uploads\/2025\/03\/txurdi-768x768.jpg 768w, https:\/\/www.bilbaodendak.eus\/wp-content\/uploads\/2025\/03\/txurdi-1536x1536.jpg 1536w, https:\/\/www.bilbaodendak.eus\/wp-content\/uploads\/2025\/03\/txurdi-2048x2048.jpg 2048w\" sizes=\"(max-width: 1024px) 100vw, 1024px\" \/><\/figure><div class=\"wp-block-media-text__content\">\n<p><strong><mark style=\"background-color:rgba(0, 0, 0, 0)\" class=\"has-inline-color has-vivid-red-color\">Viajes Arbidea \u2013 Conchi<\/mark><\/strong><\/p>\n\n\n\n<p>Kazetaritza ikastetik&#8230; hutsetik bidaia-agentzia bat sortzera. Horrela sortu zen\u00a0<strong>Viajes Arbidea<\/strong>,\u00a0<strong>Txurdinaga<\/strong>n, 2000. urtean.<\/p>\n\n\n\n<p>26 urte geroago, lokal berean jarraitzen dute. Familia-agentzia, tratu hurbila eta lehen egunetik dauden bezeroak. Ondoren etorri ziren beste batzuk. Eta errepikatzen duten asko. Izan ere, hemen ez da bidaia bat saltzen: aholkatu, lagundu eta konfiantza sortzen da.<\/p>\n<\/div><\/div>\n\n\n\n<div style=\"height:20px\" aria-hidden=\"true\" class=\"wp-block-spacer\"><\/div>\n\n\n\n<div class=\"wp-block-media-text is-stacked-on-mobile\"><figure class=\"wp-block-media-text__media\"><img loading=\"lazy\" decoding=\"async\" width=\"1024\" height=\"1024\" src=\"https:\/\/www.bilbaodendak.eus\/wp-content\/uploads\/2025\/03\/mercado-1024x1024.jpg\" alt=\"\" class=\"wp-image-123181 size-full\" srcset=\"https:\/\/www.bilbaodendak.eus\/wp-content\/uploads\/2025\/03\/mercado-1024x1024.jpg 1024w, https:\/\/www.bilbaodendak.eus\/wp-content\/uploads\/2025\/03\/mercado-300x300.jpg 300w, https:\/\/www.bilbaodendak.eus\/wp-content\/uploads\/2025\/03\/mercado-150x150.jpg 150w, https:\/\/www.bilbaodendak.eus\/wp-content\/uploads\/2025\/03\/mercado-768x768.jpg 768w, https:\/\/www.bilbaodendak.eus\/wp-content\/uploads\/2025\/03\/mercado-1536x1536.jpg 1536w, https:\/\/www.bilbaodendak.eus\/wp-content\/uploads\/2025\/03\/mercado-2048x2048.jpg 2048w\" sizes=\"(max-width: 1024px) 100vw, 1024px\" \/><\/figure><div class=\"wp-block-media-text__content\">\n<p><strong><mark style=\"background-color:rgba(0, 0, 0, 0)\" class=\"has-inline-color has-vivid-red-color\">Mercado de la Ribera \u2013 Miren<\/mark><\/strong><\/p>\n\n\n\n<p>Hiru belaunaldi. Beti emakumeak.\u00a0Beti buru.<\/p>\n\n\n\n<p>Amonarengandik hasi eta bere amarenganaino \u2014baratzea, traktorea eta etxea zeramatzan\u2014 eta orain Miren Erriberako Merkatuan duen postuarekin 1983tik. Bere familian, negozioak beti izan du emakume izena.<\/p>\n\n\n\n<p>Aldatzeko aukerak izan ditu, baita gehiago irabaztekoak ere, baina inoiz ez zuen nahi izan. Nahiago izan zuen betetzen duen horretan jardun.<\/p>\n<\/div><\/div>\n\n\n\n<div style=\"height:20px\" aria-hidden=\"true\" class=\"wp-block-spacer\"><\/div>\n\n\n\n<div class=\"wp-block-media-text is-stacked-on-mobile\"><figure class=\"wp-block-media-text__media\"><img loading=\"lazy\" decoding=\"async\" width=\"1024\" height=\"1024\" src=\"https:\/\/www.bilbaodendak.eus\/wp-content\/uploads\/2025\/03\/basurto-1024x1024.jpg\" alt=\"8M - Aintzane - Basurto\" class=\"wp-image-123153 size-full\" srcset=\"https:\/\/www.bilbaodendak.eus\/wp-content\/uploads\/2025\/03\/basurto-1024x1024.jpg 1024w, https:\/\/www.bilbaodendak.eus\/wp-content\/uploads\/2025\/03\/basurto-300x300.jpg 300w, https:\/\/www.bilbaodendak.eus\/wp-content\/uploads\/2025\/03\/basurto-150x150.jpg 150w, https:\/\/www.bilbaodendak.eus\/wp-content\/uploads\/2025\/03\/basurto-768x768.jpg 768w, https:\/\/www.bilbaodendak.eus\/wp-content\/uploads\/2025\/03\/basurto-1536x1536.jpg 1536w, https:\/\/www.bilbaodendak.eus\/wp-content\/uploads\/2025\/03\/basurto-2048x2048.jpg 2048w\" sizes=\"(max-width: 1024px) 100vw, 1024px\" \/><\/figure><div class=\"wp-block-media-text__content\">\n<p><strong><mark style=\"background-color:rgba(0, 0, 0, 0)\" class=\"has-inline-color has-vivid-red-color\">Entrefocos \u2013 Aintzane<\/mark><\/strong><\/p>\n\n\n\n<p>Langabezian zegoen, une pertsonalik txarrenetako batean\u2026 eta hala ere, ekitea erabaki zuen.<\/p>\n\n\n\n<p>Horrela hasi zen Aintzane Entrefocosekin, Basurtun.\u00a02017an ireki zuen lehen denda; gaur egun, ia bederatzi urte geroago, buru jarraitzen du, bakarrik, negozioaren xehetasun bakoitzari eusten.<\/p>\n\n\n\n<p>Hemen ez da azkar amaitzen. Hemen azaldu, bideratu eta entzun egiten da. Batzuetan argazkilari, besteetan teknikari, besteetan ia psikologoa. Autonomo izateak oporrak, ordutegiak eta kamerarekin egindako ihesaldiak kendu dizkio. Baina aldatuko ez zen zerbait eman dio: askatasuna.\u00a0<\/p>\n<\/div><\/div>\n\n\n\n<div style=\"height:20px\" aria-hidden=\"true\" class=\"wp-block-spacer\"><\/div>\n\n\n\n<div class=\"wp-block-media-text is-stacked-on-mobile\"><figure class=\"wp-block-media-text__media\"><img loading=\"lazy\" decoding=\"async\" width=\"1024\" height=\"1024\" src=\"https:\/\/www.bilbaodendak.eus\/wp-content\/uploads\/2025\/03\/D2-1024x1024.jpg\" alt=\"\" class=\"wp-image-123169 size-full\" srcset=\"https:\/\/www.bilbaodendak.eus\/wp-content\/uploads\/2025\/03\/D2-1024x1024.jpg 1024w, https:\/\/www.bilbaodendak.eus\/wp-content\/uploads\/2025\/03\/D2-300x300.jpg 300w, https:\/\/www.bilbaodendak.eus\/wp-content\/uploads\/2025\/03\/D2-150x150.jpg 150w, https:\/\/www.bilbaodendak.eus\/wp-content\/uploads\/2025\/03\/D2-768x768.jpg 768w, https:\/\/www.bilbaodendak.eus\/wp-content\/uploads\/2025\/03\/D2-1536x1536.jpg 1536w, https:\/\/www.bilbaodendak.eus\/wp-content\/uploads\/2025\/03\/D2-2048x2048.jpg 2048w\" sizes=\"(max-width: 1024px) 100vw, 1024px\" \/><\/figure><div class=\"wp-block-media-text__content\">\n<p><strong><mark style=\"background-color:rgba(0, 0, 0, 0)\" class=\"has-inline-color has-vivid-red-color\">Fruter\u00eda Isabel \u2013 Isabel<\/mark><\/strong><\/p>\n\n\n\n<p>Bakarrik geratzea, 11 urteko alaba batekin, negozio bat eramatea \u2026 eta hala ere pertsiana ez jaistea. Horrelakoa izan da Isabelen istorioa, Uribarriko\u00a0<strong>Frutas Isabelen<\/strong>\u00a0buru.\u00a0\u00a0<\/p>\n\n\n\n<p>Fruta-saltzailea izatea ez da saltzea bakarrik: jakitea, azaltzea, gomendatzea, bezeroa ezagutzea eta produktua zaintzea da.<\/p>\n\n\n\n<p>Eta Isabelek irribarre batekin egiten du, bere negozioaz eta bezeroez gozatuz.<\/p>\n<\/div><\/div>\n\n\n\n<div style=\"height:20px\" aria-hidden=\"true\" class=\"wp-block-spacer\"><\/div>\n\n\n\n<div class=\"wp-block-media-text is-stacked-on-mobile\"><figure class=\"wp-block-media-text__media\"><img loading=\"lazy\" decoding=\"async\" width=\"1024\" height=\"1024\" src=\"https:\/\/www.bilbaodendak.eus\/wp-content\/uploads\/2025\/03\/deusto-1024x1024.jpg\" alt=\"\" class=\"wp-image-123173 size-full\" srcset=\"https:\/\/www.bilbaodendak.eus\/wp-content\/uploads\/2025\/03\/deusto-1024x1024.jpg 1024w, https:\/\/www.bilbaodendak.eus\/wp-content\/uploads\/2025\/03\/deusto-300x300.jpg 300w, https:\/\/www.bilbaodendak.eus\/wp-content\/uploads\/2025\/03\/deusto-150x150.jpg 150w, https:\/\/www.bilbaodendak.eus\/wp-content\/uploads\/2025\/03\/deusto-768x768.jpg 768w, https:\/\/www.bilbaodendak.eus\/wp-content\/uploads\/2025\/03\/deusto-1536x1536.jpg 1536w, https:\/\/www.bilbaodendak.eus\/wp-content\/uploads\/2025\/03\/deusto-2048x2048.jpg 2048w\" sizes=\"(max-width: 1024px) 100vw, 1024px\" \/><\/figure><div class=\"wp-block-media-text__content\">\n<p><strong><mark style=\"background-color:rgba(0, 0, 0, 0)\" class=\"has-inline-color has-vivid-red-color\">Mercer\u00eda Mertxe \u2013 Marta<\/mark><\/strong><\/p>\n\n\n\n<p>\u201cHaurdunaldiekin ados jarri behar izan genuen denda itxi behar ez izateko\u201d<\/p>\n\n\n\n<p>Ia-ia inposizioz hasi zena bere bizi-proiektu bihurtu zen. 42 urte geroago, ahizpek buru jarraitzen dute. Krisiak pasa dituzte, lanaldiak murriztu dituzte, haurdunaldiak antolatu dituzte eta benetako ehoziri-lanak egin dituzte denda eta familia uztartzeko.<\/p>\n\n\n\n<p>Eraikitakoaz harro daude. Geratzen diren mertzeria gutxietako batzuk dira, eta beste auzo batzuetako bezeroak etortzen dira \u201cdagoeneko ez dagoelako horrelako dendarik\u201d.<\/p>\n<\/div><\/div>\n\n\n\n<p><\/p>\n","protected":false},"excerpt":{"rendered":"<p>Emakume ausartak eta grinatsuak, batzuk jaiotzez ekintzaileak dira, beste batzuek familiaren erreleboa hartu dute, baina denek partekatzen dute profesionaltasuna<\/p>\n","protected":false},"featured_media":123243,"template":"","categoria-noticia":[],"class_list":["post-110846","noticias","type-noticias","status-publish","has-post-thumbnail","hentry"],"_links":{"self":[{"href":"https:\/\/www.bilbaodendak.eus\/eu\/wp-json\/wp\/v2\/noticias\/110846","targetHints":{"allow":["GET"]}}],"collection":[{"href":"https:\/\/www.bilbaodendak.eus\/eu\/wp-json\/wp\/v2\/noticias"}],"about":[{"href":"https:\/\/www.bilbaodendak.eus\/eu\/wp-json\/wp\/v2\/types\/noticias"}],"wp:featuredmedia":[{"embeddable":true,"href":"https:\/\/www.bilbaodendak.eus\/eu\/wp-json\/wp\/v2\/media\/123243"}],"wp:attachment":[{"href":"https:\/\/www.bilbaodendak.eus\/eu\/wp-json\/wp\/v2\/media?parent=110846"}],"wp:term":[{"taxonomy":"categoria-noticia","embeddable":true,"href":"https:\/\/www.bilbaodendak.eus\/eu\/wp-json\/wp\/v2\/categoria-noticia?post=110846"}],"curies":[{"name":"wp","href":"https:\/\/api.w.org\/{rel}","templated":true}]}}