{"id":98391,"date":"2024-04-22T10:22:21","date_gmt":"2024-04-22T08:22:21","guid":{"rendered":"https:\/\/www.bilbaodendak.eus\/?post_type=noticias&#038;p=98391"},"modified":"2024-04-22T10:22:22","modified_gmt":"2024-04-22T08:22:22","slug":"bilbaodendak-y-kutxabank-colaboran-en-la-implantacion-del-sistema-ticketbai","status":"publish","type":"noticias","link":"https:\/\/www.bilbaodendak.eus\/en\/news\/bilbaodendak-y-kutxabank-colaboran-en-la-implantacion-del-sistema-ticketbai\/","title":{"rendered":"bilbaoDendak y\u00a0Kutxabank\u00a0colaboran en la implantaci\u00f3n del sistema\u00a0TicketBai"},"content":{"rendered":"\n<h2 class=\"wp-block-heading has-medium-font-size\" style=\"font-style:normal;font-weight:700\">Ambas partes han suscrito un nuevo convenio de colaboraci\u00f3n que afianza la apuesta por un consumo y un comercio sostenibles.<\/h2>\n\n\n\n<p>bilbaoDendak\u00a0y <a href=\"https:\/\/portal.kutxabank.es\/cs\/Satellite\/kb\/es\/particulares\" target=\"_blank\" rel=\"noreferrer noopener nofollow\">Kutxabank<\/a> renuevan su colaboraci\u00f3n para impulsar el crecimiento del comercio y la hosteler\u00eda de Bilbao con la firma de un nuevo convenio que en esta ocasi\u00f3n tiene como eje principal la <strong>adaptaci\u00f3n del sector al sistema Batuz-TicketBai.<\/strong><\/p>\n\n\n\n<p>El convenio ha sido suscrito por el presidente de la plataforma para la promoci\u00f3n del sector comercial y tur\u00edstico de Bilbao, Rafael Gardeazabal, y el director de la Red Minorista de Kutxabank en Bizkaia, Juanma Bilbao. \u201cAunque vivimos rodeados de incertidumbres, el a\u00f1o pasado fue mejor que los anteriores, lo que nos permite <strong>encarar este a\u00f1o con optimismo<\/strong> sabiendo que una parte cada vez mayor de la sociedad ya entiende que apostar por el consumo responsable es comprar en el comercio local\u201d, ha destacado Gardeazabal.<\/p>\n\n\n\n<figure class=\"wp-block-image aligncenter size-large\"><img fetchpriority=\"high\" decoding=\"async\" width=\"1024\" height=\"725\" src=\"https:\/\/www.bilbaodendak.eus\/wp-content\/uploads\/2024\/04\/09-04-24-FIRMA-KUTXABANK-2-min-1024x725.jpg\" alt=\"\" class=\"wp-image-98392\" srcset=\"https:\/\/www.bilbaodendak.eus\/wp-content\/uploads\/2024\/04\/09-04-24-FIRMA-KUTXABANK-2-min-1024x725.jpg 1024w, https:\/\/www.bilbaodendak.eus\/wp-content\/uploads\/2024\/04\/09-04-24-FIRMA-KUTXABANK-2-min-300x212.jpg 300w, https:\/\/www.bilbaodendak.eus\/wp-content\/uploads\/2024\/04\/09-04-24-FIRMA-KUTXABANK-2-min-768x544.jpg 768w, https:\/\/www.bilbaodendak.eus\/wp-content\/uploads\/2024\/04\/09-04-24-FIRMA-KUTXABANK-2-min-1536x1088.jpg 1536w, https:\/\/www.bilbaodendak.eus\/wp-content\/uploads\/2024\/04\/09-04-24-FIRMA-KUTXABANK-2-min-2048x1451.jpg 2048w\" sizes=\"(max-width: 1024px) 100vw, 1024px\" \/><figcaption class=\"wp-element-caption\">Juanma Bilbao y Rafael Gardeazabal renuevan el convenio de colaboraci\u00f3n entre ambas entidades.<\/figcaption><\/figure>\n\n\n\n<p>Por su parte, Bilbao ha hecho hincapi\u00e9 en el <strong>esfuerzo compartido<\/strong> de ambas partes por \u201creinventarse constantemente, con una gama de productos y <strong>servicios innovadores<\/strong> especialmente dise\u00f1ada para <strong>un comercio urbano, cercano y moderno<\/strong>, como el que representa bilbaoDendak\u201d.<\/p>\n\n\n\n<p>El sistema Batuz-TicketBai, que est\u00e1 siendo implantado de forma gradual por la Diputaci\u00f3n Foral de Bizkaia, requiere de cierta <strong>adaptaci\u00f3n tecnol\u00f3gica y formativa<\/strong>, que a trav\u00e9s de este convenio bilbaoDendak y Kutxabank se comprometen a facilitar a los <strong>peque\u00f1os comerciantes<\/strong>. Como primer paso en este apoyo, la entidad financiera celebrar\u00e1 un seminario online espec\u00edficamente dise\u00f1ado para los negocios integrados en bilbaoDendak en el que expertos de la plataforma de facturaci\u00f3n digital Billin, del despacho de abogados Garrigues y de la propia Kutxabank explicar\u00e1n todos los detalles de esta normativa fiscal.<\/p>\n\n\n\n<p><strong><mark style=\"background-color:rgba(0, 0, 0, 0)\" class=\"has-inline-color has-vivid-red-color\">EN PRO DE LA SOSTENIBILIDAD\u00a0<\/mark><\/strong><\/p>\n\n\n\n<p>Asimismo, el convenio retoma la preocupaci\u00f3n plasmada en acuerdos anteriores como su apuesta por la <strong>sostenibilidad<\/strong>. Este inter\u00e9s se pone de manifiesto en la puesta en marcha y continuidad de iniciativas creadas en 2023 para <strong>minimizar el desperdicio alimentario<\/strong> y poner los excedentes a disposici\u00f3n de las entidades sociales para su aprovechamiento, y el <strong>nuevo servicio de entrega a domicilio sostenible<\/strong>.<\/p>\n\n\n\n<p>En el primero de los proyectos citados, 25 nuevos establecimientos se suman ahora a los diez que, en colaboraci\u00f3n con la <a href=\"https:\/\/www.elika.eus\/es\/\" target=\"_blank\" rel=\"noreferrer noopener nofollow\">Fundaci\u00f3n Elika<\/a> del Gobierno Vasco, ya han elaborado su plan de prevenci\u00f3n de desperdicio alimentario que, en su primer a\u00f1o, <strong>han reducido sus excedentes entre un 10 y un 20%<\/strong>. Estos resultados ponen de manifiesto la necesidad de implementar nuevas medidas para que comercios y hosteler\u00eda cuenten con procesos para <strong>medir sus excedentes y el impacto real<\/strong> de sus negocios en el medioambiente.<\/p>\n\n\n\n<p>Respecto al servicio de entrega a domicilio, tras la exitosa prueba piloto realizada en determinados establecimientos se extiende ya a todo el comercio de la ciudad. Cabe destacar que el <strong>reparto se realiza en bicicletas y motos el\u00e9ctricas<\/strong>, con cero huella de carbono, y por personas con discapacidad facilitando as\u00ed su incorporaci\u00f3n al mercado laboral. En cuanto a su gesti\u00f3n se realiza a trav\u00e9s de una app creada por una startup vizcaina. <strong>Es un servicio de entrega a domicilio \u00e1gil, sostenible y solidario.\u00a0<\/strong><\/p>\n\n\n\n<p><\/p>\n","protected":false},"excerpt":{"rendered":"<p>Ambas partes han suscrito un nuevo convenio de colaboraci\u00f3n que afianza la apuesta por un consumo y un comercio sostenibles.<\/p>\n","protected":false},"featured_media":98392,"template":"","categoria-noticia":[],"class_list":["post-98391","noticias","type-noticias","status-publish","has-post-thumbnail","hentry"],"_links":{"self":[{"href":"https:\/\/www.bilbaodendak.eus\/en\/wp-json\/wp\/v2\/noticias\/98391","targetHints":{"allow":["GET"]}}],"collection":[{"href":"https:\/\/www.bilbaodendak.eus\/en\/wp-json\/wp\/v2\/noticias"}],"about":[{"href":"https:\/\/www.bilbaodendak.eus\/en\/wp-json\/wp\/v2\/types\/noticias"}],"wp:featuredmedia":[{"embeddable":true,"href":"https:\/\/www.bilbaodendak.eus\/en\/wp-json\/wp\/v2\/media\/98392"}],"wp:attachment":[{"href":"https:\/\/www.bilbaodendak.eus\/en\/wp-json\/wp\/v2\/media?parent=98391"}],"wp:term":[{"taxonomy":"categoria-noticia","embeddable":true,"href":"https:\/\/www.bilbaodendak.eus\/en\/wp-json\/wp\/v2\/categoria-noticia?post=98391"}],"curies":[{"name":"wp","href":"https:\/\/api.w.org\/{rel}","templated":true}]}}