{"id":97766,"date":"2024-03-26T10:28:14","date_gmt":"2024-03-26T09:28:14","guid":{"rendered":"https:\/\/www.bilbaodendak.eus\/noticias\/bilbao-athletic\/"},"modified":"2024-03-26T12:13:58","modified_gmt":"2024-03-26T11:13:58","slug":"bilbao-athletic","status":"publish","type":"noticias","link":"https:\/\/www.bilbaodendak.eus\/en\/news\/bilbao-athletic\/","title":{"rendered":"El comercio de Bilbao se vuelca con el Athletic"},"content":{"rendered":"\n<h2 class=\"wp-block-heading\" style=\"font-size:25px;font-style:normal;font-weight:700\">El comercio de Bilbao es rojiblanco: Athletic!!<\/h2>\n\n<p>A pocos d\u00edas de la esperada gran final de la Copa del Rey entre el <a href=\"https:\/\/www.athletic-club.eus\" target=\"_blank\" rel=\"noreferrer noopener nofollow\">Athletic Club<\/a> y el R.C.D. Mallorca, Bilbao y su comercio se vuelca con el club animando sus barrios y <strong>engalanando su tiendas<\/strong> que ya lucen m\u00e1s rojiblancas que nunca. Comercios de diferentes barrios se unen al esp\u00edritu llevando acabo diferentes iniciativas.  <\/p>\n\n<p><strong><mark style=\"background-color:rgba(0, 0, 0, 0)\" class=\"has-inline-color has-vivid-red-color\">Bilbao La Vieja, San Francisco y Zabala<\/mark><\/strong><\/p>\n\n<p>Las l\u00e1minas del \u00faltimo libro de Tomas Ondarra\u00a0<strong>\u201c\u00danicos en el Mundo\u201d\u00a0<\/strong>llenan de vida, ambiente festivo y actividad el coraz\u00f3n hist\u00f3rico de la Villa, hasta el pr\u00f3ximo\u00a0<strong>12 de abril.<\/strong><\/p>\n\n<p>Quienes se animen a realizar la ruta podr\u00e1n disfrutar de las\u00a0<strong>27 originales\u00a0<\/strong>propuestas art\u00edsticas del Ilustrador, adaptadas a cada espacio y zona.<\/p>\n\n<figure class=\"wp-block-image aligncenter size-large\"><img fetchpriority=\"high\" decoding=\"async\" width=\"1024\" height=\"952\" src=\"https:\/\/www.bilbaodendak.eus\/wp-content\/uploads\/2024\/03\/jgvv-1024x952.jpg\" alt=\"L&#xE1;minas Tom&#xE1;s Ondarra y el Athletic\" class=\"wp-image-97747\" srcset=\"https:\/\/www.bilbaodendak.eus\/wp-content\/uploads\/2024\/03\/jgvv-1024x952.jpg 1024w, https:\/\/www.bilbaodendak.eus\/wp-content\/uploads\/2024\/03\/jgvv-300x279.jpg 300w, https:\/\/www.bilbaodendak.eus\/wp-content\/uploads\/2024\/03\/jgvv-768x714.jpg 768w, https:\/\/www.bilbaodendak.eus\/wp-content\/uploads\/2024\/03\/jgvv.jpg 1448w\" sizes=\"(max-width: 1024px) 100vw, 1024px\" \/><\/figure>\n\n<p><strong><mark style=\"background-color:rgba(0, 0, 0, 0)\" class=\"has-inline-color has-vivid-red-color\">San Ignacio, Elorrieta e Ibarrekolanda<\/mark><\/strong><\/p>\n\n<p>En <a href=\"https:\/\/hiruauzo.com\" target=\"_blank\" rel=\"noreferrer noopener nofollow\">Hiru Auzo<\/a> tambi\u00e9n tienen el coraz\u00f3n rojiblanco. La Asociaci\u00f3n de Comerciantes organiza un <strong>concurso de escaparates<\/strong> hasta el s\u00e1bado 6 de abril donde los comercios visten sus escaparates con motivos athleticzales. <\/p>\n\n<p>El ganador se decidir\u00e1 entre los tres establecimientos con m\u00e1s &#8220;me gustas&#8221; recogidos en las redes sociales, siendo un jurado independiente profesionales del sector del arte, la decoraci\u00f3n, el comercio y el interiorismo el que se encargar\u00e1 de valorar factores como la originalidad a la hora de llevar la tem\u00e1tica rojiblanca al escaparate, adem\u00e1s de otros criterios art\u00edsticos, t\u00e9cnicos y comerciales.<\/p>\n\n<p><strong><mark style=\"background-color:rgba(0, 0, 0, 0)\" class=\"has-inline-color has-vivid-red-color\">Zorroza<\/mark><\/strong><\/p>\n\n<p>Las tiendas de Zorroza reparten pa\u00f1uelos. <strong>600 pa\u00f1uelos<\/strong> del Athletic para regalar a sus clientes realizando alguna compra a partir del 25 de marzo. <\/p>\n\n<p>Adem\u00e1s, sortear\u00e1n una camiseta oficial del Athletic Club y un bal\u00f3n entre todos los clientes que rellenen un boleto de participaci\u00f3n tras su compra. El sorteo se realizar\u00e1 el 4 de abril a las 20.00h en el local de la <a href=\"https:\/\/www.bilbaodendak.eus\/zonas-comerciales\/zorroza\/\" target=\"_blank\" rel=\"noreferrer noopener\">Asociaci\u00f3n de Comerciantes de Zorroza.<\/a> <\/p>\n\n<p><strong><mark style=\"background-color:rgba(0, 0, 0, 0)\" class=\"has-inline-color has-vivid-red-color\">Rekalde<\/mark><\/strong><\/p>\n\n<p>Los comercios de Rekalde han engalanado sus escaparates y comercios con banderines del Athletic gracias a la Asociaci\u00f3n de Comerciantes Rekalde Bihotzean.<\/p>\n","protected":false},"excerpt":{"rendered":"<p>A pocos d\u00edas de la esperada gran final de la Copa del Rey Bilbao y su comercio se vuelca con el club.<\/p>\n","protected":false},"featured_media":97758,"template":"","categoria-noticia":[1232],"class_list":["post-97766","noticias","type-noticias","status-publish","has-post-thumbnail","hentry","categoria-noticia-now-in-bilbao"],"_links":{"self":[{"href":"https:\/\/www.bilbaodendak.eus\/en\/wp-json\/wp\/v2\/noticias\/97766","targetHints":{"allow":["GET"]}}],"collection":[{"href":"https:\/\/www.bilbaodendak.eus\/en\/wp-json\/wp\/v2\/noticias"}],"about":[{"href":"https:\/\/www.bilbaodendak.eus\/en\/wp-json\/wp\/v2\/types\/noticias"}],"wp:featuredmedia":[{"embeddable":true,"href":"https:\/\/www.bilbaodendak.eus\/en\/wp-json\/wp\/v2\/media\/97758"}],"wp:attachment":[{"href":"https:\/\/www.bilbaodendak.eus\/en\/wp-json\/wp\/v2\/media?parent=97766"}],"wp:term":[{"taxonomy":"categoria-noticia","embeddable":true,"href":"https:\/\/www.bilbaodendak.eus\/en\/wp-json\/wp\/v2\/categoria-noticia?post=97766"}],"curies":[{"name":"wp","href":"https:\/\/api.w.org\/{rel}","templated":true}]}}