{"id":80526,"date":"2024-03-06T10:00:56","date_gmt":"2024-03-06T09:00:56","guid":{"rendered":"https:\/\/www.bilbaodendak.eus\/noticias\/mujeres-comerciantes\/"},"modified":"2024-03-08T09:46:51","modified_gmt":"2024-03-08T08:46:51","slug":"mujeres-comerciantes","status":"publish","type":"noticias","link":"https:\/\/www.bilbaodendak.eus\/en\/news\/mujeres-comerciantes\/","title":{"rendered":"En Bilbao, el comercio emprende en femenino"},"content":{"rendered":"\n<h3 class=\"wp-block-heading has-medium-font-size\">Homenajeamos a todas las mujeres que forman el tejido comercial de nuestra villa, alma y motor del sector<\/h3>\n\n\n\n<p>Parecen distintos, al fin y al cabo, cada vivencia lo es, pero todos estos testimonios hablan de la valent\u00eda que implica ponerse al frente de un negocio y del plus de esfuerzo que hay que sumar cuando adem\u00e1s debes conciliar trabajo y familia. Con sus voces, surgidas de las 14 Asociaciones de Comerciantes de Bilbao, bilbaoDendak hace un peque\u00f1o homenaje a todas las mujeres de nuestro comercio local.&nbsp;<\/p>\n\n\n\n<p><\/p>\n\n\n\n<div class=\"wp-block-media-text alignwide is-stacked-on-mobile\"><figure class=\"wp-block-media-text__media\"><img fetchpriority=\"high\" decoding=\"async\" width=\"1024\" height=\"1024\" src=\"https:\/\/www.bilbaodendak.eus\/wp-content\/uploads\/2023\/03\/3-min-1024x1024.png\" alt=\"\" class=\"wp-image-97344 size-full\" srcset=\"https:\/\/www.bilbaodendak.eus\/wp-content\/uploads\/2023\/03\/3-min-1024x1024.png 1024w, https:\/\/www.bilbaodendak.eus\/wp-content\/uploads\/2023\/03\/3-min-300x300.png 300w, https:\/\/www.bilbaodendak.eus\/wp-content\/uploads\/2023\/03\/3-min-150x150.png 150w, https:\/\/www.bilbaodendak.eus\/wp-content\/uploads\/2023\/03\/3-min-768x768.png 768w, https:\/\/www.bilbaodendak.eus\/wp-content\/uploads\/2023\/03\/3-min.png 1080w\" sizes=\"(max-width: 1024px) 100vw, 1024px\" \/><\/figure><div class=\"wp-block-media-text__content\">\n<p><strong><mark style=\"background-color:rgba(0, 0, 0, 0)\" class=\"has-inline-color has-vivid-red-color\">Carla &#8211; AJ Complementos<\/mark><\/strong>-Casco Viejo<\/p>\n\n\n\n<p>Carla cogi\u00f3 las riendas en 2021 de \u201c<a href=\"https:\/\/www.bilbaodendak.eus\/en\/comercios\/aj-complementos-2\/\" target=\"_blank\" rel=\"noreferrer noopener\">AJ Complementos<\/a>\u201d despu\u00e9s de estar 12 a\u00f1os como dependienta.&nbsp;<\/p>\n\n\n\n<p>Pasar a tener su propio negocio fue un momento bonito para ella a pesar de que reconoce que no era algo que ella tuviera en mente.&nbsp;<\/p>\n\n\n\n<p>\u201cNunca pens\u00e9 tener mi propio negocio pero la vida me llev\u00f3 a ello y yo soy muy cabezona\u201d.&nbsp;Desde los 19 a\u00f1os en esta tienda se siente afortunada de tener clientela muy fiel.&nbsp;<\/p>\n<\/div><\/div>\n\n\n\n<div class=\"wp-block-media-text alignwide is-stacked-on-mobile\"><figure class=\"wp-block-media-text__media\"><img decoding=\"async\" width=\"1024\" height=\"1024\" src=\"https:\/\/www.bilbaodendak.eus\/wp-content\/uploads\/2023\/03\/8-min-1024x1024.png\" alt=\"\" class=\"wp-image-97340 size-full\" srcset=\"https:\/\/www.bilbaodendak.eus\/wp-content\/uploads\/2023\/03\/8-min-1024x1024.png 1024w, https:\/\/www.bilbaodendak.eus\/wp-content\/uploads\/2023\/03\/8-min-300x300.png 300w, https:\/\/www.bilbaodendak.eus\/wp-content\/uploads\/2023\/03\/8-min-150x150.png 150w, https:\/\/www.bilbaodendak.eus\/wp-content\/uploads\/2023\/03\/8-min-768x768.png 768w, https:\/\/www.bilbaodendak.eus\/wp-content\/uploads\/2023\/03\/8-min.png 1080w\" sizes=\"(max-width: 1024px) 100vw, 1024px\" \/><\/figure><div class=\"wp-block-media-text__content\">\n<p><strong><mark style=\"background-color:rgba(0, 0, 0, 0)\" class=\"has-inline-color has-vivid-red-color\">Izaskun &#8211; Confecciones Turin<\/mark><\/strong>-Santutxu<\/p>\n\n\n\n<p>\u201cS\u00e9 que suena raro pero para m\u00ed la tienda lo es todo, me gusta much\u00edsimo. Es mi esfuerzo y mi recompensa\u201d.&nbsp;<\/p>\n\n\n\n<p>Izaskun lleva desde los 16 a\u00f1os trabajando en comercio. Sus aitas abrieron hace 53 a\u00f1os \u201c<a href=\"https:\/\/www.eup.eus\/es\/v\/confecciones-turin\" target=\"_blank\" rel=\"noreferrer noopener nofollow\">Confecciones Tur\u00edn<\/a>\u201d, situada entre Santutxu y Basarrate. \u201cSal\u00edamos del cole y ven\u00edamos aqu\u00ed\u201d.<\/p>\n\n\n\n<p>Al ser una tienda de barrio todo es muy familiar y eso le ha ayudado mucho para compaginar el trabajo con la crianza de sus hijos.&nbsp;<\/p>\n\n\n\n<p>\u201cSiempre quise coger el relevo de mis padres, a m\u00ed esto me encanta\u201d.<\/p>\n<\/div><\/div>\n\n\n\n<div class=\"wp-block-media-text alignwide is-stacked-on-mobile\"><figure class=\"wp-block-media-text__media\"><img decoding=\"async\" width=\"1024\" height=\"1024\" src=\"https:\/\/www.bilbaodendak.eus\/wp-content\/uploads\/2023\/03\/2-min-1024x1024.png\" alt=\"\" class=\"wp-image-97336 size-full\" srcset=\"https:\/\/www.bilbaodendak.eus\/wp-content\/uploads\/2023\/03\/2-min-1024x1024.png 1024w, https:\/\/www.bilbaodendak.eus\/wp-content\/uploads\/2023\/03\/2-min-300x300.png 300w, https:\/\/www.bilbaodendak.eus\/wp-content\/uploads\/2023\/03\/2-min-150x150.png 150w, https:\/\/www.bilbaodendak.eus\/wp-content\/uploads\/2023\/03\/2-min-768x768.png 768w, https:\/\/www.bilbaodendak.eus\/wp-content\/uploads\/2023\/03\/2-min.png 1080w\" sizes=\"(max-width: 1024px) 100vw, 1024px\" \/><\/figure><div class=\"wp-block-media-text__content\">\n<p><strong><mark style=\"background-color:rgba(0, 0, 0, 0)\" class=\"has-inline-color has-vivid-red-color\">Rebeca &#8211; Batas de colegio originales<\/mark><\/strong>-BLV<\/p>\n\n\n\n<p>Rebeca abri\u00f3 un negocio, un taller-tienda donde hac\u00edan colecciones de hombre y mujer, pero no funcion\u00f3 como esperaba y tuvo que reinventarse. As\u00ed naci\u00f3 \u201c<a href=\"https:\/\/batasdecolegiooriginales.com\" target=\"_blank\" rel=\"noreferrer noopener nofollow\">Batas de colegio originales<\/a>\u201d.<\/p>\n\n\n\n<p>Con su esfuerzo y perseverancia supo buscar la manera, \u201cme equivoqu\u00e9 y tuve que darle una vuelta\u201d, segura la dise\u00f1adora.&nbsp;<\/p>\n\n\n\n<p>Reconoce que ha tenido momentos de decir, \u00bfqu\u00e9 estoy haciendo? Pero confi\u00f3 en sacarlo adelante.&nbsp;<\/p>\n\n\n\n<p>\u201cTrabajar en lo que me gusta fue lo que me impulso a reinventarme\u201d.<\/p>\n<\/div><\/div>\n\n\n\n<div class=\"wp-block-media-text alignwide is-stacked-on-mobile\"><figure class=\"wp-block-media-text__media\"><img loading=\"lazy\" decoding=\"async\" width=\"1024\" height=\"1024\" src=\"https:\/\/www.bilbaodendak.eus\/wp-content\/uploads\/2023\/03\/6-min-1024x1024.png\" alt=\"\" class=\"wp-image-97352 size-full\" srcset=\"https:\/\/www.bilbaodendak.eus\/wp-content\/uploads\/2023\/03\/6-min-1024x1024.png 1024w, https:\/\/www.bilbaodendak.eus\/wp-content\/uploads\/2023\/03\/6-min-300x300.png 300w, https:\/\/www.bilbaodendak.eus\/wp-content\/uploads\/2023\/03\/6-min-150x150.png 150w, https:\/\/www.bilbaodendak.eus\/wp-content\/uploads\/2023\/03\/6-min-768x768.png 768w, https:\/\/www.bilbaodendak.eus\/wp-content\/uploads\/2023\/03\/6-min.png 1080w\" sizes=\"(max-width: 1024px) 100vw, 1024px\" \/><\/figure><div class=\"wp-block-media-text__content\">\n<p><strong><mark style=\"background-color:rgba(0, 0, 0, 0)\" class=\"has-inline-color has-vivid-red-color\">In\u00e9s &#8211; Modas In\u00e9s<\/mark><\/strong>-Rekalde<\/p>\n\n\n\n<p>Ser comerciante es una forma de vida.&nbsp;In\u00e9s lleva casi 30 a\u00f1os en la tienda. Sus aitas abrieron <a href=\"https:\/\/www.bilbaodendak.eus\/en\/comercios\/modas-ines\/\" target=\"_blank\" rel=\"noreferrer noopener\">Modas In\u00e9s<\/a> en Rekalde en 1968 y ella cogi\u00f3 el relevo.&nbsp;<\/p>\n\n\n\n<p>La atenci\u00f3n al p\u00fablico y el sacar una sonrisa a sus clientes para ella es important\u00edsimo.&nbsp;<\/p>\n\n\n\n<p>La pandemia fue un antes y un despu\u00e9s. \u201cPens\u00e9: o cierro o me quedo y lo lucho, y decid\u00ed luchar\u201d.&nbsp;<\/p>\n\n\n\n<p>La gesti\u00f3n, el escaparatismo, el punto de venta, la atenci\u00f3n al cliente, la compra y venta del producto\u2026 absolutamente todo gestionado por ella haciendo un trabajo tit\u00e1nico.&nbsp; \u201cDecid\u00ed jug\u00e1rmela y estoy contenta con la decisi\u00f3n\u201d.&nbsp;<\/p>\n<\/div><\/div>\n\n\n\n<div class=\"wp-block-media-text alignwide is-stacked-on-mobile\"><figure class=\"wp-block-media-text__media\"><img loading=\"lazy\" decoding=\"async\" width=\"1024\" height=\"1024\" src=\"https:\/\/www.bilbaodendak.eus\/wp-content\/uploads\/2023\/03\/4-min-1024x1024.png\" alt=\"\" class=\"wp-image-97348 size-full\" srcset=\"https:\/\/www.bilbaodendak.eus\/wp-content\/uploads\/2023\/03\/4-min-1024x1024.png 1024w, https:\/\/www.bilbaodendak.eus\/wp-content\/uploads\/2023\/03\/4-min-300x300.png 300w, https:\/\/www.bilbaodendak.eus\/wp-content\/uploads\/2023\/03\/4-min-150x150.png 150w, https:\/\/www.bilbaodendak.eus\/wp-content\/uploads\/2023\/03\/4-min-768x768.png 768w, https:\/\/www.bilbaodendak.eus\/wp-content\/uploads\/2023\/03\/4-min.png 1080w\" sizes=\"(max-width: 1024px) 100vw, 1024px\" \/><\/figure><div class=\"wp-block-media-text__content\">\n<p><strong><mark style=\"background-color:rgba(0, 0, 0, 0)\" class=\"has-inline-color has-vivid-red-color\">Mari &#8211; Restaurante Etxekoa<\/mark><\/strong>-Distrito 2<\/p>\n\n\n\n<p>\u201cYo me lo he peleado, vine de otro trabajo y he sabido sacarlo adelante\u201d.<\/p>\n\n\n\n<p>Mari junto a su hijo Eder est\u00e1 al frente del <a href=\"https:\/\/www.restauranteetxekoa.com\" target=\"_blank\" rel=\"noreferrer noopener nofollow\">Restaurante Etxekoa<\/a>. Abri\u00f3 con su marido hace 24 a\u00f1os y ahora son ellos los encargados.&nbsp;<\/p>\n\n\n\n<p>Mari tuvo que aprender todo sola, a base de libros, recetas en la tele\u2026 Se siente muy orgullosa de lo conseguido, y no es para menos, ya que tambi\u00e9n ha tenido que sacar a sus dos hijos adelante pr\u00e1cticamente sola.&nbsp;<\/p>\n\n\n\n<p>\u201cPara mi venir a trabajar es como una terapia\u201d<\/p>\n<\/div><\/div>\n\n\n\n<div class=\"wp-block-media-text alignwide is-stacked-on-mobile\"><figure class=\"wp-block-media-text__media\"><img loading=\"lazy\" decoding=\"async\" width=\"1024\" height=\"1024\" src=\"https:\/\/www.bilbaodendak.eus\/wp-content\/uploads\/2023\/03\/1-min-1024x1024.png\" alt=\"\" class=\"wp-image-97356 size-full\" srcset=\"https:\/\/www.bilbaodendak.eus\/wp-content\/uploads\/2023\/03\/1-min-1024x1024.png 1024w, https:\/\/www.bilbaodendak.eus\/wp-content\/uploads\/2023\/03\/1-min-300x300.png 300w, https:\/\/www.bilbaodendak.eus\/wp-content\/uploads\/2023\/03\/1-min-150x150.png 150w, https:\/\/www.bilbaodendak.eus\/wp-content\/uploads\/2023\/03\/1-min-768x768.png 768w, https:\/\/www.bilbaodendak.eus\/wp-content\/uploads\/2023\/03\/1-min.png 1080w\" sizes=\"(max-width: 1024px) 100vw, 1024px\" \/><\/figure><div class=\"wp-block-media-text__content\">\n<p><strong><mark style=\"background-color:rgba(0, 0, 0, 0)\" class=\"has-inline-color has-vivid-red-color\">Mariv\u00ed &#8211; Pasteler\u00eda Onenak<\/mark><\/strong>-Basurto<\/p>\n\n\n\n<p>\u201cDej\u00e9 mi trabajo de abogada para dedicarme a la pasteler\u00eda\u201d.<\/p>\n\n\n\n<p>Mariv\u00ed, junto a su pareja I\u00f1aki, est\u00e1n al frente de <a href=\"https:\/\/www.pasteleriasonenak.es\" target=\"_blank\" rel=\"noreferrer noopener nofollow\">Pasteler\u00eda Onenak<\/a>, en Basurto.&nbsp;<\/p>\n\n\n\n<p>Es un negocio que hered\u00f3 de sus suegros y decidi\u00f3 dar el paso porque era lo que le gustaba. Es un trabajo muy bonito del que Mariv\u00ed disfruta cada d\u00eda.&nbsp;<\/p>\n\n\n\n<p>Han sabido darle un aire nuevo, creando distintas elaboraciones y utilizando nuevas materias primas.&nbsp;<\/p>\n<\/div><\/div>\n\n\n\n<div class=\"wp-block-media-text alignwide is-stacked-on-mobile\"><figure class=\"wp-block-media-text__media\"><img loading=\"lazy\" decoding=\"async\" width=\"1024\" height=\"1024\" src=\"https:\/\/www.bilbaodendak.eus\/wp-content\/uploads\/2023\/03\/10-min-1024x1024.png\" alt=\"\" class=\"wp-image-97364 size-full\" srcset=\"https:\/\/www.bilbaodendak.eus\/wp-content\/uploads\/2023\/03\/10-min-1024x1024.png 1024w, https:\/\/www.bilbaodendak.eus\/wp-content\/uploads\/2023\/03\/10-min-300x300.png 300w, https:\/\/www.bilbaodendak.eus\/wp-content\/uploads\/2023\/03\/10-min-150x150.png 150w, https:\/\/www.bilbaodendak.eus\/wp-content\/uploads\/2023\/03\/10-min-768x768.png 768w, https:\/\/www.bilbaodendak.eus\/wp-content\/uploads\/2023\/03\/10-min.png 1080w\" sizes=\"(max-width: 1024px) 100vw, 1024px\" \/><\/figure><div class=\"wp-block-media-text__content\">\n<p><strong><mark style=\"background-color:rgba(0, 0, 0, 0)\" class=\"has-inline-color has-vivid-red-color\">Mar\u00eda &#8211; Calzados d\u2019jamberi<\/mark><\/strong>-Zorroza<\/p>\n\n\n\n<p>Mar\u00eda abri\u00f3 la tienda con su marido en 2011, hace 5 a\u00f1os enviud\u00f3 y tuvo que quedarse ella al cargo de <a href=\"https:\/\/www.bilbaodendak.eus\/en\/comercios\/calzados-djamberri\/\" target=\"_blank\" rel=\"noreferrer noopener\">Calzados d\u2019jamberi <\/a>en Zorroza.&nbsp;<\/p>\n\n\n\n<p>Siempre con una sonrisa y dejando los problemas en la puerta Mar\u00eda lleva adelante su zapater\u00eda.&nbsp;&nbsp;<\/p>\n\n\n\n<p>Reconoce que el verse sola cuando muri\u00f3 su marido fue muy duro pero \u201ctir\u00e9 hacia adelante y continu\u00e9 su legado\u201d.&nbsp;<\/p>\n<\/div><\/div>\n\n\n\n<div class=\"wp-block-media-text alignwide is-stacked-on-mobile\"><figure class=\"wp-block-media-text__media\"><img loading=\"lazy\" decoding=\"async\" width=\"1024\" height=\"1024\" src=\"https:\/\/www.bilbaodendak.eus\/wp-content\/uploads\/2023\/03\/9-min-1024x1024.png\" alt=\"\" class=\"wp-image-97368 size-full\" srcset=\"https:\/\/www.bilbaodendak.eus\/wp-content\/uploads\/2023\/03\/9-min-1024x1024.png 1024w, https:\/\/www.bilbaodendak.eus\/wp-content\/uploads\/2023\/03\/9-min-300x300.png 300w, https:\/\/www.bilbaodendak.eus\/wp-content\/uploads\/2023\/03\/9-min-150x150.png 150w, https:\/\/www.bilbaodendak.eus\/wp-content\/uploads\/2023\/03\/9-min-768x768.png 768w, https:\/\/www.bilbaodendak.eus\/wp-content\/uploads\/2023\/03\/9-min.png 1080w\" sizes=\"(max-width: 1024px) 100vw, 1024px\" \/><\/figure><div class=\"wp-block-media-text__content\">\n<p><strong><mark style=\"background-color:rgba(0, 0, 0, 0)\" class=\"has-inline-color has-vivid-red-color\">Eguzki\u00f1e &#8211; Cl\u00ednica Dental Ondarroa<\/mark><\/strong>-Txurdinaga<\/p>\n\n\n\n<p>Con 27 a\u00f1os Eguzki\u00f1e mont\u00f3 su propia cl\u00ednica dental en Txurdinaga, <a href=\"https:\/\/www.bilbaodendak.eus\/en\/comercios\/clinica-dental-ondarroa\/\" target=\"_blank\" rel=\"noreferrer noopener\">Cl\u00ednica Dental Ondarroa<\/a>.&nbsp;<\/p>\n\n\n\n<p>A pesar de no recibir ninguna ayuda apost\u00f3 por su trabajo y decidi\u00f3 emprender.&nbsp;<\/p>\n\n\n\n<p>\u201cHe sacado la cl\u00ednica adelante por todo el trabajo y esfuerzo que le he dedicado\u201d.&nbsp;<\/p>\n\n\n\n<p>Al de un mes de dar a luz a su hija tuvo que incorporarse al trabajo y es que reconoce que \u201clos aut\u00f3nomos no lo tenemos nada f\u00e1cil\u201d.&nbsp;<\/p>\n<\/div><\/div>\n\n\n\n<div class=\"wp-block-media-text alignwide is-stacked-on-mobile\"><figure class=\"wp-block-media-text__media\"><img loading=\"lazy\" decoding=\"async\" width=\"1024\" height=\"1024\" src=\"https:\/\/www.bilbaodendak.eus\/wp-content\/uploads\/2023\/03\/7-min-1024x1024.png\" alt=\"\" class=\"wp-image-97372 size-full\" srcset=\"https:\/\/www.bilbaodendak.eus\/wp-content\/uploads\/2023\/03\/7-min-1024x1024.png 1024w, https:\/\/www.bilbaodendak.eus\/wp-content\/uploads\/2023\/03\/7-min-300x300.png 300w, https:\/\/www.bilbaodendak.eus\/wp-content\/uploads\/2023\/03\/7-min-150x150.png 150w, https:\/\/www.bilbaodendak.eus\/wp-content\/uploads\/2023\/03\/7-min-768x768.png 768w, https:\/\/www.bilbaodendak.eus\/wp-content\/uploads\/2023\/03\/7-min.png 1080w\" sizes=\"(max-width: 1024px) 100vw, 1024px\" \/><\/figure><div class=\"wp-block-media-text__content\">\n<p><strong><mark style=\"background-color:rgba(0, 0, 0, 0)\" class=\"has-inline-color has-vivid-red-color\">Elena &#8211; Decoraci\u00f3n y hogar<\/mark><\/strong>-San Ignacio<\/p>\n\n\n\n<p>Elena se ha criado entre telas e hilos.&nbsp;<\/p>\n\n\n\n<p>Su ama abri\u00f3 \u201cDecoraci\u00f3n y hogar\u201d en San Ignacio hace 30 a\u00f1os y hace 10 est\u00e1 ella al frente.&nbsp;<\/p>\n\n\n\n<p>Reconoce que al principio le daba mucho v\u00e9rtigo, su ama dej\u00f3 el list\u00f3n muy alto, era una gran experta en cortinas, \u201cha puesto cortinas a medio Bilbao\u201d.&nbsp;<\/p>\n\n\n\n<p>Sin embargo, con el apoyo de su ama y much\u00edsimo esfuerzo consigui\u00f3 hacerse su propio hueco en el sector.&nbsp;&nbsp;<\/p>\n<\/div><\/div>\n\n\n\n<div class=\"wp-block-media-text alignwide is-stacked-on-mobile\"><figure class=\"wp-block-media-text__media\"><img loading=\"lazy\" decoding=\"async\" width=\"1024\" height=\"1024\" src=\"https:\/\/www.bilbaodendak.eus\/wp-content\/uploads\/2023\/03\/5-min-1024x1024.png\" alt=\"\" class=\"wp-image-97376 size-full\" srcset=\"https:\/\/www.bilbaodendak.eus\/wp-content\/uploads\/2023\/03\/5-min-1024x1024.png 1024w, https:\/\/www.bilbaodendak.eus\/wp-content\/uploads\/2023\/03\/5-min-300x300.png 300w, https:\/\/www.bilbaodendak.eus\/wp-content\/uploads\/2023\/03\/5-min-150x150.png 150w, https:\/\/www.bilbaodendak.eus\/wp-content\/uploads\/2023\/03\/5-min-768x768.png 768w, https:\/\/www.bilbaodendak.eus\/wp-content\/uploads\/2023\/03\/5-min.png 1080w\" sizes=\"(max-width: 1024px) 100vw, 1024px\" \/><\/figure><div class=\"wp-block-media-text__content\">\n<p><strong><mark style=\"background-color:rgba(0, 0, 0, 0)\" class=\"has-inline-color has-vivid-red-color\">Isabel &#8211; Fruter\u00eda Joseba<\/mark><\/strong>-Deusto<\/p>\n\n\n\n<p>&nbsp;\u201cCada vez hay m\u00e1s hombres que vienen a hacer la compra\u201d, asegura Isabel de <a href=\"https:\/\/www.bilbaodendak.eus\/en\/comercios\/fruteria-joseba\/\" target=\"_blank\" rel=\"noreferrer noopener\">Fruter\u00eda Joseba<\/a> en Deusto.&nbsp;<\/p>\n\n\n\n<p>Isabel lleva 28 a\u00f1os al frente de la Fruter\u00eda Joseba junto a su marido en Deusto. Se levanta a las 3 de la ma\u00f1ana para ir a mercabilbao y tener abierta la fruter\u00eda a las 08.00h.&nbsp;<\/p>\n\n\n\n<p>A pesar de su sacrificado trabajo Isabel transmite alegr\u00eda y energ\u00eda positiva en su puesto, asegura que \u201chay que adaptarse lo mejor posible\u201d.&nbsp;<\/p>\n<\/div><\/div>\n\n\n\n<div class=\"wp-block-media-text alignwide is-stacked-on-mobile\"><figure class=\"wp-block-media-text__media\"><img loading=\"lazy\" decoding=\"async\" width=\"1024\" height=\"1024\" src=\"https:\/\/www.bilbaodendak.eus\/wp-content\/uploads\/2023\/03\/Diseno-sin-titulo-4-min-1024x1024.png\" alt=\"\" class=\"wp-image-97413 size-full\" srcset=\"https:\/\/www.bilbaodendak.eus\/wp-content\/uploads\/2023\/03\/Diseno-sin-titulo-4-min-1024x1024.png 1024w, https:\/\/www.bilbaodendak.eus\/wp-content\/uploads\/2023\/03\/Diseno-sin-titulo-4-min-300x300.png 300w, https:\/\/www.bilbaodendak.eus\/wp-content\/uploads\/2023\/03\/Diseno-sin-titulo-4-min-150x150.png 150w, https:\/\/www.bilbaodendak.eus\/wp-content\/uploads\/2023\/03\/Diseno-sin-titulo-4-min-768x768.png 768w, https:\/\/www.bilbaodendak.eus\/wp-content\/uploads\/2023\/03\/Diseno-sin-titulo-4-min.png 1080w\" sizes=\"(max-width: 1024px) 100vw, 1024px\" \/><\/figure><div class=\"wp-block-media-text__content\">\n<p><strong><mark style=\"background-color:rgba(0, 0, 0, 0)\" class=\"has-inline-color has-vivid-red-color\">Nerea &#8211; \u00d3ptica Ibaizabal<\/mark><\/strong>-La Pe\u00f1a<\/p>\n\n\n\n<p>Nerea est\u00e1 al frente de <a href=\"http:\/\/www.opticaibaizabal.com\" target=\"_blank\" rel=\"noreferrer noopener nofollow\">\u00d3ptica Ibaizabal<\/a>, en La Pe\u00f1a, desde hace 25 a\u00f1os. Se gan\u00f3 la confianza del barrio cuando todos estaban acostumbrados a ir a la misma \u00f3ptica.&nbsp;<\/p>\n\n\n\n<p>El tener un negocio propio y compaginarlo con la vida personal es muchas veces complicado. \u201cTengo 62 a\u00f1os y no tengo hijos pero tengo madre con demencia\u201d, nos cuenta Nerea.&nbsp;<\/p>\n\n\n\n<p>Involucrada desde siempre en asociaciones de mujeres como Andre Berri, mujeres de barrio, e implicada en muchos movimientos de mujeres, \u201cojal\u00e1 no hubiera que resaltarlo pero creo que todav\u00eda s\u00ed\u201d.&nbsp;<\/p>\n<\/div><\/div>\n\n\n\n<div class=\"wp-block-media-text alignwide is-stacked-on-mobile\"><figure class=\"wp-block-media-text__media\"><img loading=\"lazy\" decoding=\"async\" width=\"1024\" height=\"1024\" src=\"https:\/\/www.bilbaodendak.eus\/wp-content\/uploads\/2023\/03\/12-min-1024x1024.png\" alt=\"\" class=\"wp-image-97425 size-full\" srcset=\"https:\/\/www.bilbaodendak.eus\/wp-content\/uploads\/2023\/03\/12-min-1024x1024.png 1024w, https:\/\/www.bilbaodendak.eus\/wp-content\/uploads\/2023\/03\/12-min-300x300.png 300w, https:\/\/www.bilbaodendak.eus\/wp-content\/uploads\/2023\/03\/12-min-150x150.png 150w, https:\/\/www.bilbaodendak.eus\/wp-content\/uploads\/2023\/03\/12-min-768x768.png 768w, https:\/\/www.bilbaodendak.eus\/wp-content\/uploads\/2023\/03\/12-min.png 1080w\" sizes=\"(max-width: 1024px) 100vw, 1024px\" \/><\/figure><div class=\"wp-block-media-text__content\">\n<p><strong><mark style=\"background-color:rgba(0, 0, 0, 0)\" class=\"has-inline-color has-vivid-red-color\">Ana &#8211; Poller\u00eda y Huever\u00eda Tom\u00e1s y Luci-Mercado de la Ribera<\/mark><\/strong><\/p>\n\n\n\n<p>Ana y su marido heredaron el puesto del <a href=\"https:\/\/mercadodelaribera.biz\" rel=\"nofollow noopener\" target=\"_blank\">Mercado de la Ribera<\/a> hace 17 a\u00f1os.&nbsp;<\/p>\n\n\n\n<p>Ana pas\u00f3 de trabajar de una pasteler\u00eda a la poller\u00eda, un gran cambio del que tuvo que aprender desde 0.<\/p>\n\n\n\n<p>Poco a poco se fue profesionalizando y se abri\u00f3 camino en el mundo del elaborado.&nbsp;<\/p>\n\n\n\n<p>\u201cNos ha supuesto muchas horas de trabajo para poder ofrecer cosas diferentes y seguir avanzando\u201d<\/p>\n<\/div><\/div>\n\n\n\n<div class=\"wp-block-media-text alignwide is-stacked-on-mobile\"><figure class=\"wp-block-media-text__media\"><img loading=\"lazy\" decoding=\"async\" width=\"1024\" height=\"1024\" src=\"https:\/\/www.bilbaodendak.eus\/wp-content\/uploads\/2023\/03\/14-min-1024x1024.png\" alt=\"\" class=\"wp-image-97421 size-full\" srcset=\"https:\/\/www.bilbaodendak.eus\/wp-content\/uploads\/2023\/03\/14-min-1024x1024.png 1024w, https:\/\/www.bilbaodendak.eus\/wp-content\/uploads\/2023\/03\/14-min-300x300.png 300w, https:\/\/www.bilbaodendak.eus\/wp-content\/uploads\/2023\/03\/14-min-150x150.png 150w, https:\/\/www.bilbaodendak.eus\/wp-content\/uploads\/2023\/03\/14-min-768x768.png 768w, https:\/\/www.bilbaodendak.eus\/wp-content\/uploads\/2023\/03\/14-min.png 1080w\" sizes=\"(max-width: 1024px) 100vw, 1024px\" \/><\/figure><div class=\"wp-block-media-text__content\">\n<p><strong><mark style=\"background-color:rgba(0, 0, 0, 0)\" class=\"has-inline-color has-vivid-red-color\">Ana &#8211; Tonific Bilbao<\/mark><\/strong>&#8211; Bilbao Centro <\/p>\n\n\n\n<p>\u201cEsto no es un trabajo para m\u00ed, es mi pasi\u00f3n, mi hobby\u201d.Ana abri\u00f3 con 20 a\u00f1os su primera peluquer\u00eda.&nbsp;<\/p>\n\n\n\n<p>Con una mente inquieta y gran dedicaci\u00f3n ahora est\u00e1 al frente de <a href=\"https:\/\/www.bilbaodendak.eus\/en\/comercios\/peluqueria-tonific\/\" target=\"_blank\" rel=\"noreferrer noopener\">Tonific<\/a>, desde hace 13 a\u00f1os.<\/p>\n\n\n\n<p>Le encanta su trabajo y recuerda con mucha ilusi\u00f3n los inicios, emprender y crear Tonific, una peluquer\u00eda hecha como ella quer\u00eda, con un&nbsp;trato \u00fanico, personalizado y exclusivo.<\/p>\n\n\n\n<p>Reconoce que no es f\u00e1cil compaginar lo laboral con lo personal ya que hay muchas horas detr\u00e1s pero ha aprendido a desconectar y diferenciar.<\/p>\n<\/div><\/div>\n\n\n\n<div class=\"wp-block-media-text alignwide is-stacked-on-mobile\"><figure class=\"wp-block-media-text__media\"><img loading=\"lazy\" decoding=\"async\" width=\"1024\" height=\"1024\" src=\"https:\/\/www.bilbaodendak.eus\/wp-content\/uploads\/2023\/03\/Diseno-sin-titulo-4-min-1-1024x1024.png\" alt=\"\" class=\"wp-image-97429 size-full\" srcset=\"https:\/\/www.bilbaodendak.eus\/wp-content\/uploads\/2023\/03\/Diseno-sin-titulo-4-min-1-1024x1024.png 1024w, https:\/\/www.bilbaodendak.eus\/wp-content\/uploads\/2023\/03\/Diseno-sin-titulo-4-min-1-300x300.png 300w, https:\/\/www.bilbaodendak.eus\/wp-content\/uploads\/2023\/03\/Diseno-sin-titulo-4-min-1-150x150.png 150w, https:\/\/www.bilbaodendak.eus\/wp-content\/uploads\/2023\/03\/Diseno-sin-titulo-4-min-1-768x768.png 768w, https:\/\/www.bilbaodendak.eus\/wp-content\/uploads\/2023\/03\/Diseno-sin-titulo-4-min-1.png 1080w\" sizes=\"(max-width: 1024px) 100vw, 1024px\" \/><\/figure><div class=\"wp-block-media-text__content\">\n<p><strong><mark style=\"background-color:rgba(0, 0, 0, 0)\" class=\"has-inline-color has-vivid-red-color\">Josune &#8211; Estanco Mart\u00ednez<\/mark><\/strong>-Otxarkoaga<\/p>\n\n\n\n<p>\u201cDi a luz un viernes y el lunes estaba trabajando\u201d.<\/p>\n\n\n\n<p>Josune lleva trabajando desde los 16 a\u00f1os, hace 35 que ella y su marido est\u00e1n al frente del estanco de sus suegros situado en Otxarkoaga.&nbsp;<\/p>\n\n\n\n<p>Al cargo de 3 hijos Josune y su marido son equipo y han podido compaginar su negocio propio con la vida personal, sin embargo, en el \u00faltimo a\u00f1o \u00e9l se ha tenido que ir a Madrid a vivir de lunes a viernes y ahora es ella la que se tiene que encargar de todo. \u201cImposible no pero s\u00ed muy duro\u201d<\/p>\n\n\n\n<p>\u201cSoy un poco acr\u00f3bata\u201d necesario para seguir el ritmo.&nbsp;&nbsp;<\/p>\n<\/div><\/div>\n","protected":false},"excerpt":{"rendered":"<p>Parecen distintos, al fin y al cabo, cada vivencia lo es, pero todos estos testimonios hablan de la valent\u00eda que implica ponerse al frente de un negocio.<\/p>\n","protected":false},"featured_media":97435,"template":"","categoria-noticia":[1233,1232],"class_list":["post-80526","noticias","type-noticias","status-publish","has-post-thumbnail","hentry","categoria-noticia-i-am-a-trader","categoria-noticia-now-in-bilbao"],"_links":{"self":[{"href":"https:\/\/www.bilbaodendak.eus\/en\/wp-json\/wp\/v2\/noticias\/80526","targetHints":{"allow":["GET"]}}],"collection":[{"href":"https:\/\/www.bilbaodendak.eus\/en\/wp-json\/wp\/v2\/noticias"}],"about":[{"href":"https:\/\/www.bilbaodendak.eus\/en\/wp-json\/wp\/v2\/types\/noticias"}],"wp:featuredmedia":[{"embeddable":true,"href":"https:\/\/www.bilbaodendak.eus\/en\/wp-json\/wp\/v2\/media\/97435"}],"wp:attachment":[{"href":"https:\/\/www.bilbaodendak.eus\/en\/wp-json\/wp\/v2\/media?parent=80526"}],"wp:term":[{"taxonomy":"categoria-noticia","embeddable":true,"href":"https:\/\/www.bilbaodendak.eus\/en\/wp-json\/wp\/v2\/categoria-noticia?post=80526"}],"curies":[{"name":"wp","href":"https:\/\/api.w.org\/{rel}","templated":true}]}}