{"id":80522,"date":"2023-03-25T12:50:59","date_gmt":"2023-03-25T11:50:59","guid":{"rendered":"https:\/\/www.bilbaodendak.eus\/noticias\/bilbaodendak-y-bilbao-kirolak\/"},"modified":"2023-03-25T12:50:59","modified_gmt":"2023-03-25T11:50:59","slug":"bilbaodendak-y-bilbao-kirolak","status":"publish","type":"noticias","link":"https:\/\/www.bilbaodendak.eus\/en\/news\/bilbaodendak-y-bilbao-kirolak\/","title":{"rendered":"bilbaoDendak y Bilbao Kirolak firman un acuerdo para fomentar el deporte"},"content":{"rendered":"\n<p><strong>bilbao<\/strong>Dendak ha firmado un acuerdo con <a href=\"https:\/\/www.bilbaokirolak.eus\/es\/inicio\" rel=\"nofollow noopener\" target=\"_blank\">Bilbao Kirolak<\/a>, con el objetivo de fomentar el deporte entre las personas empleadas en el sector del comercio de la Villa y\u00a0<strong>ofrecer as\u00ed a las empleadas y empleados del Comercio de bilbaoDendak,\u00a0<\/strong>el abono <strong>\u201cAqua+Fitness\u201d<\/strong> con unas caracter\u00edsticas concretas y un precio muy competitivo que posibilite que la poblaci\u00f3n bilba\u00edna sea cada vez m\u00e1s activa f\u00edsicamente.<\/p>\n\n\n\n<h2 class=\"wp-block-heading\">AQUA + FITNESS &#8211;&nbsp;Caracter\u00edsticas<\/h2>\n\n\n\n<ul class=\"wp-block-list\"><li>Abono Individual&nbsp;<\/li><li>Abono con&nbsp;<strong>acceso a todas las instalaciones de Bilbao Kirolak: Piscinas, gimnasios de fitness, as\u00ed como a las piscinas del Centro de Actividad F\u00edsica de Azkuna Zentroa.<\/strong><\/li><li>Inscripci\u00f3n a cursos deportivos en el horario del abono a precio de persona abonada<\/li><li><strong>Horario del Abono:<\/strong><\/li><\/ul>\n\n\n\n<ul class=\"wp-block-list\"><li><strong><u>Lunes a viernes:<\/u><\/strong>&nbsp;<strong><em>de 07:15 a 09:00 horas (acceso). Salida: hasta las 10:00 horas en horario de ma\u00f1anas y de 14:00 a 16:00 horas (acceso). Salida hasta las 17:00 horas<\/em><\/strong><\/li><li><strong><u>Fines de semana y festivos de todo el a\u00f1o:<\/u><\/strong>&nbsp;Todo el horario de apertura de los polideportivos de BK.<\/li><\/ul>\n\n\n\n<ul class=\"wp-block-list\"><li><strong><u>Forma de pago mensual:<\/u><\/strong>&nbsp;Precio BANAKAKOA\/INDIVIDUAL COMERCIO.&nbsp;<strong><em>Promoci\u00f3n Aqua + Fitness<\/em><\/strong><em>&nbsp;<strong>22 \u20ac\/mes<\/strong><\/em><strong>&nbsp;<\/strong>(<em>lo que supone un descuento del 30% con respecto al precio habitual de esta modalidad de abono<\/em>.)&nbsp;<\/li><li><strong><u>INSCRIPCIONES:&nbsp;<a href=\"https:\/\/bilbaokirolak.eus\/virtual\/\" rel=\"nofollow noopener\" target=\"_blank\">https:\/\/bilbaokirolak.eus\/virtual\/<\/a><\/u><\/strong><strong><u><\/u><\/strong><\/li><li><strong><u>C\u00d3DIGO:<\/u><\/strong>&nbsp;para poder beneficiarse de la promoci\u00f3n, solicita tu c\u00f3digo en bilbaoDendak&nbsp;<\/li><li><strong><u>Fecha:<\/u><\/strong>&nbsp;entrada en vigor&nbsp;<strong><u>a partir del 1 de septiembre de 2022<\/u><\/strong>&nbsp;&nbsp;<\/li><\/ul>\n","protected":false},"excerpt":{"rendered":"<p>El abono\u00a0\u201cAqua+Fitness\u201d\u00a0con unas caracter\u00edsticas concretas y un precio muy competitivo<\/p>\n","protected":false},"featured_media":71319,"template":"","categoria-noticia":[1233,1232],"class_list":["post-80522","noticias","type-noticias","status-publish","has-post-thumbnail","hentry","categoria-noticia-i-am-a-trader","categoria-noticia-now-in-bilbao"],"_links":{"self":[{"href":"https:\/\/www.bilbaodendak.eus\/en\/wp-json\/wp\/v2\/noticias\/80522","targetHints":{"allow":["GET"]}}],"collection":[{"href":"https:\/\/www.bilbaodendak.eus\/en\/wp-json\/wp\/v2\/noticias"}],"about":[{"href":"https:\/\/www.bilbaodendak.eus\/en\/wp-json\/wp\/v2\/types\/noticias"}],"wp:featuredmedia":[{"embeddable":true,"href":"https:\/\/www.bilbaodendak.eus\/en\/wp-json\/wp\/v2\/media\/71319"}],"wp:attachment":[{"href":"https:\/\/www.bilbaodendak.eus\/en\/wp-json\/wp\/v2\/media?parent=80522"}],"wp:term":[{"taxonomy":"categoria-noticia","embeddable":true,"href":"https:\/\/www.bilbaodendak.eus\/en\/wp-json\/wp\/v2\/categoria-noticia?post=80522"}],"curies":[{"name":"wp","href":"https:\/\/api.w.org\/{rel}","templated":true}]}}